{"id":54045,"date":"2023-02-26T22:42:19","date_gmt":"2023-02-27T01:42:19","guid":{"rendered":"https:\/\/www.todoeldia.com\/?p=54045"},"modified":"2023-02-26T22:42:45","modified_gmt":"2023-02-27T01:42:45","slug":"la-ultima-noche-de-la-serenata-a-cafayate-el-chaqueno-palavecino-actuo-entre-las-5-y-las-10-40-de-la-manana","status":"publish","type":"post","link":"https:\/\/www.todoeldia.com\/index.php\/2023\/02\/26\/la-ultima-noche-de-la-serenata-a-cafayate-el-chaqueno-palavecino-actuo-entre-las-5-y-las-10-40-de-la-manana\/","title":{"rendered":"La \u00faltima noche de la Serenata a Cafayate: el Chaque\u00f1o Palavecino actu\u00f3 entre las 5 y las 10.40 de la ma\u00f1ana"},"content":{"rendered":"\n<p>La noche denominada As\u00ed se canta en Salta comenz\u00f3 puntual a las 20:30 del s\u00e1bado y termin\u00f3 a las 10:40 con alrededor de 10 mil personas dentro del predio.<\/p>\n\n\n\n<p>La tercera luna de La Serenata a Cafayate 2023 convoc\u00f3 a cerca de 12 mil personas dentro del predio con un pico de asistentes entre la 1:00 y las 8:00 de la madrugada de este domingo.<\/p>\n\n\n\n<figure class=\"wp-block-image size-full is-resized\"><img loading=\"lazy\" decoding=\"async\" src=\"https:\/\/www.todoeldia.com\/wp-content\/uploads\/2023\/02\/image-206.png\" alt=\"\" class=\"wp-image-54047\" width=\"915\" height=\"526\"\/><\/figure>\n\n\n\n<p>Si bien el dato surge del reporte policial, todav\u00eda restan conocer los datos oficiales de boleter\u00eda. Hasta el momento los registros de la polic\u00eda cuentan 6.500 personas para el jueves, de 9.500 para el viernes y de cerca de 12.000 personas para este s\u00e1bado.<\/p>\n\n\n\n<p>As\u00ed se canta en Salta<\/p>\n\n\n\n<p>La cartelera de la \u00faltima noche fue una muestra de la vigencia y convocatoria de la m\u00fasica salte\u00f1a sigue siendo m\u00e1s que importante.<\/p>\n\n\n\n<figure class=\"wp-block-image size-full is-resized\"><img loading=\"lazy\" decoding=\"async\" src=\"https:\/\/www.todoeldia.com\/wp-content\/uploads\/2023\/02\/image-207.png\" alt=\"\" class=\"wp-image-54048\" width=\"912\" height=\"525\"\/><\/figure>\n\n\n\n<p>Este 2023, la Serenata a Cafayate tuvo una noche en la que con, en su mayor\u00eda, m\u00fasicos salte\u00f1os se puedo disfrutar, en la mayor parte de la noche, un poco de la bohemia que impuls\u00f3 en sus inicios a este festival.<\/p>\n\n\n\n<figure class=\"wp-block-image size-full is-resized\"><img loading=\"lazy\" decoding=\"async\" src=\"https:\/\/www.todoeldia.com\/wp-content\/uploads\/2023\/02\/image-208.png\" alt=\"\" class=\"wp-image-54049\" width=\"908\" height=\"522\"\/><\/figure>\n\n\n\n<p>Con la presencia de Pancho Figueroa, Las voces y Los Diableros de Or\u00e1n, Los de Cafayate, El d\u00fao Mena- Saravia, Mariana Cay\u00f3n, la fuerte presencia de Ra\u00fal Rogelio Guantay Yampa y Mariana Carrizo en compa\u00f1\u00eda de copleras campesinas, la noche tuvo reminiscencias de las antiguas serenatas en que los artistas salte\u00f1os llenaban el aire de los antiguos duendes del folclore tradicional.<\/p>\n\n\n\n<figure class=\"wp-block-image size-full is-resized\"><img loading=\"lazy\" decoding=\"async\" src=\"https:\/\/www.todoeldia.com\/wp-content\/uploads\/2023\/02\/image-209.png\" alt=\"\" class=\"wp-image-54050\" width=\"909\" height=\"523\"\/><\/figure>\n\n\n\n<p>En conferencia de prensa, un ya legendario Pancho Figueroa reflexion\u00f3 sobre el camino de los festivales y llam\u00f3 a los artistas y organizadores a defender las tradiciones del folclore argentino para \u00abevitar que desaparezca nuestra excelencia\u00bb. Tambi\u00e9n se tom\u00f3 un momento para recordar a Los Chalchaleros y hacer un homenaje al General San Mart\u00edn.<\/p>\n\n\n\n<figure class=\"wp-block-image size-full is-resized\"><img loading=\"lazy\" decoding=\"async\" src=\"https:\/\/www.todoeldia.com\/wp-content\/uploads\/2023\/02\/image-210.png\" alt=\"\" class=\"wp-image-54051\" width=\"917\" height=\"528\"\/><\/figure>\n\n\n\n<p>Los presentadores de esta edici\u00f3n, tambi\u00e9n fueron grandes protagonistas durante las tres noches del festival que le aportaron un ritmo y un contenido extra a la noche. Las voces de Oscar Humacata, Mirian \u00abCoqui\u00bb Lamas, F\u00e1tima Mar\u00edn, Sergio Casimiro y Oscar Chauqui le sumaron un color m\u00e1s a toda la Serenata.<\/p>\n\n\n\n<figure class=\"wp-block-image size-full is-resized\"><img loading=\"lazy\" decoding=\"async\" src=\"https:\/\/www.todoeldia.com\/wp-content\/uploads\/2023\/02\/image-211.png\" alt=\"\" class=\"wp-image-54052\" width=\"911\" height=\"524\"\/><\/figure>\n\n\n\n<p>Otros cafayate\u00f1os que brillaron a pesar del corto tiempo y del horario fueron el conjunto de la Escuela de M\u00fasica, \u00abEl Tolombe\u00f1o\u00bb Oscar Guanca, Jacinta Condor\u00ed y la copla de la mano de Mar\u00eda Sandoval y Rogelio Guantay Yampa.<\/p>\n\n\n\n<p>Cabe destacar la presentaci\u00f3n a todo color y gracia del Ballet Alma Fuerte.<\/p>\n\n\n\n<figure class=\"wp-block-image size-full is-resized\"><img loading=\"lazy\" decoding=\"async\" src=\"https:\/\/www.todoeldia.com\/wp-content\/uploads\/2023\/02\/image-212.png\" alt=\"\" class=\"wp-image-54053\" width=\"918\" height=\"528\"\/><\/figure>\n\n\n\n<p>La noche continu\u00f3 con la presencia de Canto 4, Paola Arias, Alma Carpera y el Chaque\u00f1o Palavecino p\u00fablico que colm\u00f3 las plateas y las populares, adem\u00e1s de la gente que, por distintas razones no pudo entrar y se quedaron en las calles a escuchar el festival.<\/p>\n\n\n\n<figure class=\"wp-block-image size-full is-resized\"><img loading=\"lazy\" decoding=\"async\" src=\"https:\/\/www.todoeldia.com\/wp-content\/uploads\/2023\/02\/image-213.png\" alt=\"\" class=\"wp-image-54054\" width=\"912\" height=\"525\"\/><\/figure>\n\n\n\n<p>La presentaci\u00f3n final con el Chaque\u00f1o Palavecino se produjo alrededor de las 5:00 y se extendi\u00f3 hasta las 10:40.<\/p>\n\n\n\n<p>Radio Cafayate<\/p>\n","protected":false},"excerpt":{"rendered":"<p>La noche denominada As\u00ed se canta en Salta comenz\u00f3 puntual a las 20:30 del s\u00e1bado y termin\u00f3 a las 10:40 con alrededor de 10 mil personas dentro del predio. La tercera luna de La Serenata a Cafayate 2023 convoc\u00f3 a cerca de 12 mil personas dentro del predio con un pico de asistentes entre la [&hellip;]<\/p>\n","protected":false},"author":2,"featured_media":54046,"comment_status":"open","ping_status":"open","sticky":false,"template":"","format":"standard","meta":{"tdm_status":"","tdm_grid_status":"","_joinchat":[],"footnotes":""},"categories":[73],"tags":[],"class_list":{"0":"post-54045","1":"post","2":"type-post","3":"status-publish","4":"format-standard","5":"has-post-thumbnail","7":"category-noticias-general"},"amp_enabled":true,"_links":{"self":[{"href":"https:\/\/www.todoeldia.com\/index.php\/wp-json\/wp\/v2\/posts\/54045","targetHints":{"allow":["GET"]}}],"collection":[{"href":"https:\/\/www.todoeldia.com\/index.php\/wp-json\/wp\/v2\/posts"}],"about":[{"href":"https:\/\/www.todoeldia.com\/index.php\/wp-json\/wp\/v2\/types\/post"}],"author":[{"embeddable":true,"href":"https:\/\/www.todoeldia.com\/index.php\/wp-json\/wp\/v2\/users\/2"}],"replies":[{"embeddable":true,"href":"https:\/\/www.todoeldia.com\/index.php\/wp-json\/wp\/v2\/comments?post=54045"}],"version-history":[{"count":2,"href":"https:\/\/www.todoeldia.com\/index.php\/wp-json\/wp\/v2\/posts\/54045\/revisions"}],"predecessor-version":[{"id":54056,"href":"https:\/\/www.todoeldia.com\/index.php\/wp-json\/wp\/v2\/posts\/54045\/revisions\/54056"}],"wp:featuredmedia":[{"embeddable":true,"href":"https:\/\/www.todoeldia.com\/index.php\/wp-json\/wp\/v2\/media\/54046"}],"wp:attachment":[{"href":"https:\/\/www.todoeldia.com\/index.php\/wp-json\/wp\/v2\/media?parent=54045"}],"wp:term":[{"taxonomy":"category","embeddable":true,"href":"https:\/\/www.todoeldia.com\/index.php\/wp-json\/wp\/v2\/categories?post=54045"},{"taxonomy":"post_tag","embeddable":true,"href":"https:\/\/www.todoeldia.com\/index.php\/wp-json\/wp\/v2\/tags?post=54045"}],"curies":[{"name":"wp","href":"https:\/\/api.w.org\/{rel}","templated":true}]}}