{"id":5406,"date":"2020-09-11T09:30:25","date_gmt":"2020-09-11T12:30:25","guid":{"rendered":"https:\/\/www.todoeldia.com\/?p=5406"},"modified":"2020-09-11T09:31:31","modified_gmt":"2020-09-11T12:31:31","slug":"docente-de-educacion-especial-va-a-juicio-por-abusar-sexualmente-de-una-menor","status":"publish","type":"post","link":"https:\/\/www.todoeldia.com\/index.php\/2020\/09\/11\/docente-de-educacion-especial-va-a-juicio-por-abusar-sexualmente-de-una-menor\/","title":{"rendered":"Docente de educaci\u00f3n especial va a juicio por abusar sexualmente de una menor"},"content":{"rendered":"\n<p>El fiscal penal 1 de la Unidad de Delitos contra la Integridad Sexual, Federico Obeid, requiri\u00f3 ante el Juzgado de Garant\u00edas 6, la elevaci\u00f3n a juicio de la causa que tiene como imputado a un hombre de 53 a\u00f1os, acusado del delito de abuso sexual simple, agravado por ser encargado de la educaci\u00f3n.<\/p>\n\n\n\n<p>La denuncia fue radicada por la madre de v\u00edctima, de 11 a\u00f1os en el momento de los hechos,&nbsp;en contra del profesor de tapicer\u00eda de una escuela de educaci\u00f3n especial ubicada en calle San Juan, del centro de la Ciudad de Salta, a la que asist\u00eda la ni\u00f1a.<\/p>\n\n\n\n<p>En su denuncia, la madre relat\u00f3 que el lunes 7 de noviembre de 2016, cerca de las 7.30,&nbsp;intent\u00f3 llevar a la menor, quien padece epilepsia refractaria y retraso madurativo al colegio, cuando la ni\u00f1a se resisti\u00f3 y entre llantos le cont\u00f3 que el viernes anterior, fue abusada por su profesor de tapicer\u00eda, cuando asisti\u00f3 al taller ubicado en calle Ituzaing\u00f3, junto a otras dos compa\u00f1eras.<\/p>\n\n\n\n<p>La menor cont\u00f3 a su madre que&nbsp;cuando se dirigieron al ba\u00f1o, apareci\u00f3 el acusado por detr\u00e1s y la someti\u00f3 a tocamientos.<\/p>\n\n\n\n<p>Cuando&nbsp;la v\u00edctima se resisti\u00f3, fue agredida por el acusado con un golpe a mano abierta en la nariz, lo que le provoc\u00f3 sangrado nasal. Sus compa\u00f1eras, al intentar defenderla, tambi\u00e9n fueron agredidas.<\/p>\n\n\n\n<p>En su denuncia,&nbsp;la mujer aclar\u00f3 que su hija le expres\u00f3 que no era la primera vez que el acusado realizaba este tipo de actos con las menores, a quienes adem\u00e1s, amenazaba de muerte&nbsp;si contaban lo sucedido.<\/p>\n\n\n\n<p>La denunciante tambi\u00e9n record\u00f3 que&nbsp;ese viernes, cuando retir\u00f3 a la menor del lugar, observ\u00f3 sangre en sus fosas nasales. Al preguntarle qu\u00e9 le hab\u00eda sucedido, la ni\u00f1a adujo que solo estaba cansada, con dolor de cabeza y que quer\u00eda llegar a su casa a dormir. Tambi\u00e9n dijo que not\u00f3 a la menor extra\u00f1a, triste y deca\u00edda, desde hac\u00eda tiempo.<\/p>\n\n\n\n<p>Por \u00faltimo,&nbsp;indic\u00f3 que en agosto de ese a\u00f1o, junto a su marido, labraron un acta en contra del imputado, por haber zamarreado a la ni\u00f1a.<\/p>\n\n\n\n<p>En sus fundamentos,\u00a0el fiscal penal Federico Obeid, sostuvo que fue acreditada la participaci\u00f3n punible del imputado en los hechos,\u00a0tras los datos recolectados durante la investigaci\u00f3n. Destac\u00f3 el relato veros\u00edmil de la v\u00edctima, quien narr\u00f3 que en reiteradas oportunidades, al asistir al curso de tapicer\u00eda, el acusado la manoseaba. Tales manoseos inverecundos,\u00a0ocurrieron desde que la ni\u00f1a ten\u00eda 10 a\u00f1os hasta que alcanz\u00f3 los 11,\u00a0tanto en el taller, como en las oportunidades en las que la menor se dirig\u00eda al ba\u00f1o.<\/p>\n","protected":false},"excerpt":{"rendered":"<p>El fiscal penal 1 de la Unidad de Delitos contra la Integridad Sexual, Federico Obeid, requiri\u00f3 ante el Juzgado de Garant\u00edas 6, la elevaci\u00f3n a juicio de la causa que tiene como imputado a un hombre de 53 a\u00f1os, acusado del delito de abuso sexual simple, agravado por ser encargado de la educaci\u00f3n. La denuncia [&hellip;]<\/p>\n","protected":false},"author":2,"featured_media":5407,"comment_status":"open","ping_status":"open","sticky":false,"template":"","format":"standard","meta":{"tdm_status":"","tdm_grid_status":"","_joinchat":[],"footnotes":""},"categories":[63],"tags":[],"class_list":{"0":"post-5406","1":"post","2":"type-post","3":"status-publish","4":"format-standard","5":"has-post-thumbnail","7":"category-policiales"},"amp_enabled":true,"_links":{"self":[{"href":"https:\/\/www.todoeldia.com\/index.php\/wp-json\/wp\/v2\/posts\/5406","targetHints":{"allow":["GET"]}}],"collection":[{"href":"https:\/\/www.todoeldia.com\/index.php\/wp-json\/wp\/v2\/posts"}],"about":[{"href":"https:\/\/www.todoeldia.com\/index.php\/wp-json\/wp\/v2\/types\/post"}],"author":[{"embeddable":true,"href":"https:\/\/www.todoeldia.com\/index.php\/wp-json\/wp\/v2\/users\/2"}],"replies":[{"embeddable":true,"href":"https:\/\/www.todoeldia.com\/index.php\/wp-json\/wp\/v2\/comments?post=5406"}],"version-history":[{"count":2,"href":"https:\/\/www.todoeldia.com\/index.php\/wp-json\/wp\/v2\/posts\/5406\/revisions"}],"predecessor-version":[{"id":5409,"href":"https:\/\/www.todoeldia.com\/index.php\/wp-json\/wp\/v2\/posts\/5406\/revisions\/5409"}],"wp:featuredmedia":[{"embeddable":true,"href":"https:\/\/www.todoeldia.com\/index.php\/wp-json\/wp\/v2\/media\/5407"}],"wp:attachment":[{"href":"https:\/\/www.todoeldia.com\/index.php\/wp-json\/wp\/v2\/media?parent=5406"}],"wp:term":[{"taxonomy":"category","embeddable":true,"href":"https:\/\/www.todoeldia.com\/index.php\/wp-json\/wp\/v2\/categories?post=5406"},{"taxonomy":"post_tag","embeddable":true,"href":"https:\/\/www.todoeldia.com\/index.php\/wp-json\/wp\/v2\/tags?post=5406"}],"curies":[{"name":"wp","href":"https:\/\/api.w.org\/{rel}","templated":true}]}}