{"id":5430,"date":"2020-09-11T14:02:47","date_gmt":"2020-09-11T17:02:47","guid":{"rendered":"https:\/\/www.todoeldia.com\/?p=5430"},"modified":"2020-09-11T14:29:37","modified_gmt":"2020-09-11T17:29:37","slug":"uber-hace-los-intentos-para-ingresar-a-salta","status":"publish","type":"post","link":"https:\/\/www.todoeldia.com\/index.php\/2020\/09\/11\/uber-hace-los-intentos-para-ingresar-a-salta\/","title":{"rendered":"Uber hace los intentos para ingresar a Salta"},"content":{"rendered":"\n<p>La AMT no avala ni autoriza la aplicaci\u00f3n de Uber para taxis en Salta<\/p>\n\n\n\n<p>Desde el organismo no se puede garantizar que los veh\u00edculos que ingresen a trabajar en ese sistema sean legales o autorizados por AMT.<\/p>\n\n\n\n<p>La Autoridad Metropolitana de Transporte (AMT) informa al sector de taxistas, que el organismo no avala ni autoriza la puesta en funcionamiento de la aplicaci\u00f3n Uber en Salta.&nbsp;<\/p>\n\n\n\n<p>Desde AMT se ha convocado a reuni\u00f3n a todos los sectores de taxis atendiendo cada inquietud que plantearon sobre el tema.<\/p>\n\n\n\n<p>En tal sentido, los representantes de los trabajadores del volante, de manera un\u00e1nime, hicieron llegar su postura en la cual enfatizaron que la implementaci\u00f3n de Uber Taxi tiene por finalidad ingresar al mercado local para luego habilitar Uber X, con veh\u00edculos no registrados ni controlados, causando en consecuencia efectos nefastos para todo el sector.<\/p>\n\n\n\n<p>Tambi\u00e9n los servidores del transporte instaron a todos los taxistas que &#8220;no bajen ni utilicen la referida aplicaci\u00f3n&#8221;, porque &#8220;de esto depende el ingreso de Uber a la ciudad de Salta&#8221;.<\/p>\n\n\n\n<p>Es por ello que la AMT, coincidiendo con el pedido del sector, hace p\u00fablico la postura de no avalar la aplicaci\u00f3n de Uber Taxi en Salta.<\/p>\n","protected":false},"excerpt":{"rendered":"<p>La AMT no avala ni autoriza la aplicaci\u00f3n de Uber para taxis en Salta Desde el organismo no se puede garantizar que los veh\u00edculos que ingresen a trabajar en ese sistema sean legales o autorizados por AMT. La Autoridad Metropolitana de Transporte (AMT) informa al sector de taxistas, que el organismo no avala ni autoriza [&hellip;]<\/p>\n","protected":false},"author":2,"featured_media":5431,"comment_status":"open","ping_status":"open","sticky":false,"template":"","format":"standard","meta":{"tdm_status":"","tdm_grid_status":"","_joinchat":[],"footnotes":""},"categories":[73],"tags":[],"class_list":{"0":"post-5430","1":"post","2":"type-post","3":"status-publish","4":"format-standard","5":"has-post-thumbnail","7":"category-noticias-general"},"amp_enabled":true,"_links":{"self":[{"href":"https:\/\/www.todoeldia.com\/index.php\/wp-json\/wp\/v2\/posts\/5430","targetHints":{"allow":["GET"]}}],"collection":[{"href":"https:\/\/www.todoeldia.com\/index.php\/wp-json\/wp\/v2\/posts"}],"about":[{"href":"https:\/\/www.todoeldia.com\/index.php\/wp-json\/wp\/v2\/types\/post"}],"author":[{"embeddable":true,"href":"https:\/\/www.todoeldia.com\/index.php\/wp-json\/wp\/v2\/users\/2"}],"replies":[{"embeddable":true,"href":"https:\/\/www.todoeldia.com\/index.php\/wp-json\/wp\/v2\/comments?post=5430"}],"version-history":[{"count":1,"href":"https:\/\/www.todoeldia.com\/index.php\/wp-json\/wp\/v2\/posts\/5430\/revisions"}],"predecessor-version":[{"id":5432,"href":"https:\/\/www.todoeldia.com\/index.php\/wp-json\/wp\/v2\/posts\/5430\/revisions\/5432"}],"wp:featuredmedia":[{"embeddable":true,"href":"https:\/\/www.todoeldia.com\/index.php\/wp-json\/wp\/v2\/media\/5431"}],"wp:attachment":[{"href":"https:\/\/www.todoeldia.com\/index.php\/wp-json\/wp\/v2\/media?parent=5430"}],"wp:term":[{"taxonomy":"category","embeddable":true,"href":"https:\/\/www.todoeldia.com\/index.php\/wp-json\/wp\/v2\/categories?post=5430"},{"taxonomy":"post_tag","embeddable":true,"href":"https:\/\/www.todoeldia.com\/index.php\/wp-json\/wp\/v2\/tags?post=5430"}],"curies":[{"name":"wp","href":"https:\/\/api.w.org\/{rel}","templated":true}]}}