{"id":54319,"date":"2023-03-02T19:32:12","date_gmt":"2023-03-02T22:32:12","guid":{"rendered":"https:\/\/www.todoeldia.com\/?p=54319"},"modified":"2023-03-02T19:32:15","modified_gmt":"2023-03-02T22:32:15","slug":"denuncio-a-un-comisario-retirado-por-violencia-de-genero-y-no-se-presento-a-declarar-en-el-juicio","status":"publish","type":"post","link":"https:\/\/www.todoeldia.com\/index.php\/2023\/03\/02\/denuncio-a-un-comisario-retirado-por-violencia-de-genero-y-no-se-presento-a-declarar-en-el-juicio\/","title":{"rendered":"Denunci\u00f3 a un comisario retirado por violencia de g\u00e9nero y no se present\u00f3 a declarar en el juicio"},"content":{"rendered":"\n<p>La v\u00edctima no concurri\u00f3 a prestar testimonio en el juicio, pero el Juzgado tuvo en cuenta las denuncias y declaraciones en la Fiscal\u00eda de Violencia Familiar y de G\u00e9nero 2.<\/p>\n\n\n\n<p>Un comisario retirado de la Polic\u00eda de la Provincia de Salta fue sentenciado a la pena de seis meses de prisi\u00f3n de ejecuci\u00f3n condicional por de lesiones leves agravadas por la relaci\u00f3n previa y por el g\u00e9nero.<\/p>\n\n\n\n<p>La fiscal Penal de Violencia Familiar y de G\u00e9nero 2, Luj\u00e1n Sodero, fue quien llev\u00f3 adelante la investigaci\u00f3n y represent\u00f3 al Ministerio P\u00fablico Fiscal durante el juicio.<\/p>\n\n\n\n<p>El 31 de diciembre de 2021, una mujer radic\u00f3 denuncia en contra de su pareja asegurando que mantuvieron una discusi\u00f3n y, a consecuencia de ello, fue golpeada en el rostro y el est\u00f3mago. Cont\u00f3 que se defendi\u00f3 ara\u00f1ando y mordi\u00e9ndolo y logr\u00f3 pedir a los vecinos que se comunicaran con el Sistema de Emergencias 911. Al llegar los efectivos, ambos fueron trasladados a la Comisar\u00eda.<\/p>\n\n\n\n<p>En sede fiscal, la v\u00edctima manifest\u00f3 que, si bien era la primera vez que lo denunciaba, situaciones como esta eran habituales, as\u00ed como que el hombre no le permit\u00eda salir sola, tener celular o entablar contacto con otras personas.<\/p>\n\n\n\n<p>Tras examinar a la v\u00edctima, la Divisi\u00f3n de Medicina Legal del CIF elev\u00f3 un informe a la Fiscal\u00eda en donde se indicaba que presentaba cefalohematoma en regi\u00f3n occipital, hematoma en mu\u00f1eca derecha cara interna, hematoma en parrilla costal izquierda (hipocondrio izquierdo), hematoma en t\u00f3rax posterior (regi\u00f3n lumbar), hematoma en mucosa subyugal del labio superior e inferior y hematoma en ra\u00edz nasal.<\/p>\n\n\n\n<p>El denunciado y la denunciante fueron notificados de una medida de prohibici\u00f3n de acercamiento mutua por un radio de 300 metros.<\/p>\n\n\n\n<p>Durante el juicio, la mujer no se present\u00f3 a declarar por encontrarse en paradero desconocido, pero el Juzgado de Garant\u00edas tuvo en cuenta las denuncias y declaraci\u00f3n de la v\u00edctima en sede fiscal, por lo que conden\u00f3 al hombre a la pena de seis meses de prisi\u00f3n de ejecuci\u00f3n condicional.<\/p>\n","protected":false},"excerpt":{"rendered":"<p>La v\u00edctima no concurri\u00f3 a prestar testimonio en el juicio, pero el Juzgado tuvo en cuenta las denuncias y declaraciones en la Fiscal\u00eda de Violencia Familiar y de G\u00e9nero 2. Un comisario retirado de la Polic\u00eda de la Provincia de Salta fue sentenciado a la pena de seis meses de prisi\u00f3n de ejecuci\u00f3n condicional por [&hellip;]<\/p>\n","protected":false},"author":2,"featured_media":43025,"comment_status":"open","ping_status":"open","sticky":false,"template":"","format":"standard","meta":{"tdm_status":"","tdm_grid_status":"","_joinchat":[],"footnotes":""},"categories":[63],"tags":[],"class_list":{"0":"post-54319","1":"post","2":"type-post","3":"status-publish","4":"format-standard","5":"has-post-thumbnail","7":"category-policiales"},"amp_enabled":true,"_links":{"self":[{"href":"https:\/\/www.todoeldia.com\/index.php\/wp-json\/wp\/v2\/posts\/54319","targetHints":{"allow":["GET"]}}],"collection":[{"href":"https:\/\/www.todoeldia.com\/index.php\/wp-json\/wp\/v2\/posts"}],"about":[{"href":"https:\/\/www.todoeldia.com\/index.php\/wp-json\/wp\/v2\/types\/post"}],"author":[{"embeddable":true,"href":"https:\/\/www.todoeldia.com\/index.php\/wp-json\/wp\/v2\/users\/2"}],"replies":[{"embeddable":true,"href":"https:\/\/www.todoeldia.com\/index.php\/wp-json\/wp\/v2\/comments?post=54319"}],"version-history":[{"count":1,"href":"https:\/\/www.todoeldia.com\/index.php\/wp-json\/wp\/v2\/posts\/54319\/revisions"}],"predecessor-version":[{"id":54320,"href":"https:\/\/www.todoeldia.com\/index.php\/wp-json\/wp\/v2\/posts\/54319\/revisions\/54320"}],"wp:featuredmedia":[{"embeddable":true,"href":"https:\/\/www.todoeldia.com\/index.php\/wp-json\/wp\/v2\/media\/43025"}],"wp:attachment":[{"href":"https:\/\/www.todoeldia.com\/index.php\/wp-json\/wp\/v2\/media?parent=54319"}],"wp:term":[{"taxonomy":"category","embeddable":true,"href":"https:\/\/www.todoeldia.com\/index.php\/wp-json\/wp\/v2\/categories?post=54319"},{"taxonomy":"post_tag","embeddable":true,"href":"https:\/\/www.todoeldia.com\/index.php\/wp-json\/wp\/v2\/tags?post=54319"}],"curies":[{"name":"wp","href":"https:\/\/api.w.org\/{rel}","templated":true}]}}