{"id":54321,"date":"2023-03-02T19:43:05","date_gmt":"2023-03-02T22:43:05","guid":{"rendered":"https:\/\/www.todoeldia.com\/?p=54321"},"modified":"2023-03-02T19:44:48","modified_gmt":"2023-03-02T22:44:48","slug":"empleados-de-telecom-de-oran-robaban-la-senal-de-wifi-y-la-revendian-como-un-servicio-propio","status":"publish","type":"post","link":"https:\/\/www.todoeldia.com\/index.php\/2023\/03\/02\/empleados-de-telecom-de-oran-robaban-la-senal-de-wifi-y-la-revendian-como-un-servicio-propio\/","title":{"rendered":"Empleados de Telecom de Or\u00e1n robaban la se\u00f1al de wifi y la revend\u00edan como un servicio propio"},"content":{"rendered":"\n<p>Una organizaci\u00f3n delictiva, dedicada al robo de se\u00f1al de Wifi y su reventa, qued\u00f3 desarticulada ayer a partir de una serie de allanamientos que se llevaron adelante en distintos barrios de la ciudad de Or\u00e1n, donde los acusados hab\u00edan montado su propio negocio como proveedores de Internet, con el cual facturaba sumas millonarias.<\/p>\n\n\n\n<p>Por este caso, investigado por el fiscal general Eduardo Jos\u00e9 Villalba, de la Unidad Fiscal Salta, en la jornada de ayer personal de la Secci\u00f3n Aguaray, de Gendarmer\u00eda Nacional, llev\u00f3 adelante varios allanamientos en distintos barrios de esa ciudad, lo que demand\u00f3 un gran despliegue de efectivos y m\u00f3viles.<\/p>\n\n\n\n<p>Con la intervenci\u00f3n de la jueza de Garant\u00edas de Tartagal, Ivana Hern\u00e1ndez, quien autoriz\u00f3 las medidas requeridas, la fiscal\u00eda logr\u00f3 desarticular la actividad ilegal que esta organizaci\u00f3n hab\u00eda emprendido a trav\u00e9s de la denominaci\u00f3n comercial &#8220;Wifi Net&#8221;, nombre que luego remplazaron por &#8220;Or\u00e1n Conecta&#8221;.<\/p>\n\n\n\n<p>De acuerdo a las tareas de campo e inteligencia, supervisadas por la auxiliar fiscal Roxana Gual, los acusados hab\u00edan logrado captar a m\u00e1s de 200 clientes, a quienes le facturaban, tanto por la instalaci\u00f3n como por el abono mensual del servicio de Internet.<\/p>\n\n\n\n<figure class=\"wp-block-image size-large is-resized\"><img loading=\"lazy\" decoding=\"async\" src=\"https:\/\/www.todoeldia.com\/wp-content\/uploads\/2023\/03\/image-24-461x1024.png\" alt=\"\" class=\"wp-image-54324\" width=\"918\" height=\"2060\"\/><figcaption class=\"wp-element-caption\">El descargo de los delincuentes ante el reclamo de un vecino<\/figcaption><\/figure>\n\n\n\n<p>Seg\u00fan las primeras estimaciones, con este servicio ilegal, los acusados recaudaban sumas de m\u00e1s de un mill\u00f3n de pesos por mes. Por otra parte, se estableci\u00f3 tambi\u00e9n que la provisi\u00f3n del servicio lo hac\u00edan con equipamiento sustra\u00eddo de Telecom, empresa en la cual se desempe\u00f1aban dos de los cabecillas de esta organizaci\u00f3n delictiva.<\/p>\n\n\n\n<p>Para poder apoderarse de la se\u00f1al de la empresa, se hab\u00edan valido de dos antenas, una para la recepci\u00f3n y otra para la distribuci\u00f3n, las que instalaron en domicilios que ayer fueron allanados, donde tambi\u00e9n se hallaron cables y otros equipos de la firma afectada.<\/p>\n\n\n\n<p>En su mayor\u00eda, los allanamientos ordenados se ejecutaron en inmuebles ubicados en el asentamiento 4 de Junio y los barrios Maravillas y 9 de Julio. Como resultado de ello, se incautaron antenas transmisoras, rollos de cable de fibra \u00f3ptica y varios routers, todos ellos de alto valor econ\u00f3mico para le empresa. Respecto a los principales responsables, la fiscal\u00eda inform\u00f3 que se encuentran pr\u00f3fugos.<\/p>\n\n\n\n<p>Denuncia<\/p>\n\n\n\n<p>La investigaci\u00f3n se inici\u00f3 a partir de la denuncia presentada por apoderados legales de la empresa Telecom Argentina SA, quien sindicaron determinados responsables y expusieron una serie de hechos y evidencias que fueron materia de verificaci\u00f3n por parte de la fiscal\u00eda.<\/p>\n\n\n\n<p>Entre ellas, la denuncia que una cliente realiz\u00f3 ante la misma empresa afectada, el 20 de octubre del a\u00f1o pasado. En la misma, puso en conocimiento de la oferta que los acusados, a trav\u00e9s de la empresa paralela que hab\u00edan montado, ofrec\u00edan a los vecinos de Or\u00e1n por un servicio de hasta 300 megas.<\/p>\n\n\n\n<p>Al ir m\u00e1s a fondo, la fiscal\u00eda verific\u00f3 que los promotores que ofrec\u00edan el servicio de Internet domiciliario lo hac\u00edan a trav\u00e9s de un tel\u00e9fono corporativo, lo que gu\u00edo las pesquisas hasta identificar a un empleado de esa empresa, siendo esta la llave para llegar a otros implicados.<\/p>\n\n\n\n<p>Entre otros prejuicios, adem\u00e1s del econ\u00f3mico, la empresa revel\u00f3 que el desv\u00edo de la se\u00f1al de Wifi caus\u00f3 una saturaci\u00f3n del nodo que otorga Internet a los clientes genuinos de esa firma, quienes vieron interrumpido el servicio adquirido de manera legal.<\/p>\n\n\n\n<p>Norte Ya<\/p>\n","protected":false},"excerpt":{"rendered":"<p>Una organizaci\u00f3n delictiva, dedicada al robo de se\u00f1al de Wifi y su reventa, qued\u00f3 desarticulada ayer a partir de una serie de allanamientos que se llevaron adelante en distintos barrios de la ciudad de Or\u00e1n, donde los acusados hab\u00edan montado su propio negocio como proveedores de Internet, con el cual facturaba sumas millonarias. Por este [&hellip;]<\/p>\n","protected":false},"author":2,"featured_media":54322,"comment_status":"open","ping_status":"open","sticky":false,"template":"","format":"standard","meta":{"tdm_status":"","tdm_grid_status":"","_joinchat":[],"footnotes":""},"categories":[63],"tags":[],"class_list":{"0":"post-54321","1":"post","2":"type-post","3":"status-publish","4":"format-standard","5":"has-post-thumbnail","7":"category-policiales"},"amp_enabled":true,"_links":{"self":[{"href":"https:\/\/www.todoeldia.com\/index.php\/wp-json\/wp\/v2\/posts\/54321","targetHints":{"allow":["GET"]}}],"collection":[{"href":"https:\/\/www.todoeldia.com\/index.php\/wp-json\/wp\/v2\/posts"}],"about":[{"href":"https:\/\/www.todoeldia.com\/index.php\/wp-json\/wp\/v2\/types\/post"}],"author":[{"embeddable":true,"href":"https:\/\/www.todoeldia.com\/index.php\/wp-json\/wp\/v2\/users\/2"}],"replies":[{"embeddable":true,"href":"https:\/\/www.todoeldia.com\/index.php\/wp-json\/wp\/v2\/comments?post=54321"}],"version-history":[{"count":2,"href":"https:\/\/www.todoeldia.com\/index.php\/wp-json\/wp\/v2\/posts\/54321\/revisions"}],"predecessor-version":[{"id":54326,"href":"https:\/\/www.todoeldia.com\/index.php\/wp-json\/wp\/v2\/posts\/54321\/revisions\/54326"}],"wp:featuredmedia":[{"embeddable":true,"href":"https:\/\/www.todoeldia.com\/index.php\/wp-json\/wp\/v2\/media\/54322"}],"wp:attachment":[{"href":"https:\/\/www.todoeldia.com\/index.php\/wp-json\/wp\/v2\/media?parent=54321"}],"wp:term":[{"taxonomy":"category","embeddable":true,"href":"https:\/\/www.todoeldia.com\/index.php\/wp-json\/wp\/v2\/categories?post=54321"},{"taxonomy":"post_tag","embeddable":true,"href":"https:\/\/www.todoeldia.com\/index.php\/wp-json\/wp\/v2\/tags?post=54321"}],"curies":[{"name":"wp","href":"https:\/\/api.w.org\/{rel}","templated":true}]}}