{"id":54331,"date":"2023-03-02T19:57:19","date_gmt":"2023-03-02T22:57:19","guid":{"rendered":"https:\/\/www.todoeldia.com\/?p=54331"},"modified":"2023-03-02T19:57:22","modified_gmt":"2023-03-02T22:57:22","slug":"rosario-inviable-detuvieron-a-una-policia-por-filtrarle-informacion-a-una-celula-de-la-banda-narco-los-monos","status":"publish","type":"post","link":"https:\/\/www.todoeldia.com\/index.php\/2023\/03\/02\/rosario-inviable-detuvieron-a-una-policia-por-filtrarle-informacion-a-una-celula-de-la-banda-narco-los-monos\/","title":{"rendered":"Rosario inviable: detuvieron a una polic\u00eda por filtrarle informaci\u00f3n a una c\u00e9lula de la banda narco Los Monos"},"content":{"rendered":"\n<p>El hijo de la oficial, de 23 a\u00f1os, tambi\u00e9n fue arrestado. Sospechan que actuaba como gatillero para esa misma organizaci\u00f3n criminal.<\/p>\n\n\n\n<p>Una polic\u00eda que estaba con licencia m\u00e9dica fue detenida en Rosario, sospechada de haber filtrado informaci\u00f3n a la presunta c\u00e9lula de Los Monos que opera en la zona Noroeste de la ciudad. Su hijo, de 23 a\u00f1os, tambi\u00e9n fue arrestado, ya que est\u00e1 sindicado como uno de los gatilleros de la organizaci\u00f3n criminal que es liderada por presos.<\/p>\n\n\n\n<p>Los arrestos ocurrieron este mi\u00e9rcoles, horas antes de que Rosario se estremeciera ante el ataque a tiros al supermercado de la familia de Antonella Roccuzzo. Los dos sospechosos ahora ser\u00e1n llevados a audiencia imputativa en los pr\u00f3ximos d\u00edas por el fiscal de Balaceras, Pablo Socca.<\/p>\n\n\n\n<figure class=\"wp-block-image size-full is-resized\"><img loading=\"lazy\" decoding=\"async\" src=\"https:\/\/www.todoeldia.com\/wp-content\/uploads\/2023\/03\/image-26.png\" alt=\"\" class=\"wp-image-54333\" width=\"914\" height=\"514\" srcset=\"https:\/\/www.todoeldia.com\/wp-content\/uploads\/2023\/03\/image-26.png 768w, https:\/\/www.todoeldia.com\/wp-content\/uploads\/2023\/03\/image-26-300x169.png 300w, https:\/\/www.todoeldia.com\/wp-content\/uploads\/2023\/03\/image-26-696x392.png 696w, https:\/\/www.todoeldia.com\/wp-content\/uploads\/2023\/03\/image-26-747x420.png 747w\" sizes=\"auto, (max-width: 914px) 100vw, 914px\" \/><figcaption class=\"wp-element-caption\">Detienen a una polic\u00eda y a su hijo por el v\u00ednculo de ambos con una banda ligada a &#8220;Los Monos&#8221;<\/figcaption><\/figure>\n\n\n\n<p>El principal operativo lo realiz\u00f3 la Agencia de Control Policial (ex Asuntos Internos) en Mendoza al 600, en barrio Mart\u00edn, cerca del Monumento Nacional a la Bandera. Los polic\u00edas, que estaban de civil, esperaron a que Anal\u00eda F. diera la vuelta a la manzana con sus perros y la esposaron en la puerta del edificio en el que vive.<\/p>\n\n\n\n<p>De 47 a\u00f1os, Anal\u00eda F. hab\u00eda ingresado a la Polic\u00eda de Santa Fe a finales de diciembre de 2005 y desde el a\u00f1o pasado estaba con licencia m\u00e9dica. Sus \u00faltimos dos pasos dentro de la fuerza de seguridad fueron en la comisar\u00eda 12\u00aa de barrio Ludue\u00f1a, uno de los territorios de mayor violencia en los \u00faltimos tres a\u00f1os; y en la subcomisaria 21\u00aa del barrio 7 de septiembre.<\/p>\n\n\n\n<p>De acuerdo a la investigaci\u00f3n del fiscal Socca, en la misma zona donde est\u00e1 la comisar\u00eda 12\u00aa opera la presunta c\u00e9lula de Los Monos que disputa a tiros el territorio con la otra estructura relacionada con Esteban Lindor Alvarado, capo narco enemistado con el clan Cantero.<\/p>\n\n\n\n<figure class=\"wp-block-image size-full is-resized\"><img loading=\"lazy\" decoding=\"async\" src=\"https:\/\/www.todoeldia.com\/wp-content\/uploads\/2023\/03\/image-27.png\" alt=\"\" class=\"wp-image-54334\" width=\"910\" height=\"683\" srcset=\"https:\/\/www.todoeldia.com\/wp-content\/uploads\/2023\/03\/image-27.png 768w, https:\/\/www.todoeldia.com\/wp-content\/uploads\/2023\/03\/image-27-300x225.png 300w, https:\/\/www.todoeldia.com\/wp-content\/uploads\/2023\/03\/image-27-696x522.png 696w, https:\/\/www.todoeldia.com\/wp-content\/uploads\/2023\/03\/image-27-560x420.png 560w, https:\/\/www.todoeldia.com\/wp-content\/uploads\/2023\/03\/image-27-80x60.png 80w, https:\/\/www.todoeldia.com\/wp-content\/uploads\/2023\/03\/image-27-265x198.png 265w\" sizes=\"auto, (max-width: 910px) 100vw, 910px\" \/><figcaption class=\"wp-element-caption\">El lugar donde detuvieron a una polic\u00eda y a su hijo por el v\u00ednculo de ambos con una banda ligada a &#8220;Los Monos&#8221;<\/figcaption><\/figure>\n\n\n\n<p>A Anal\u00eda F. se le atribuir\u00e1n los delitos de encubrimiento agravado e incumplimiento en los deberes de funcionario p\u00fablico. Entre las evidencias que hay en su contra, el Ministerio P\u00fablico de la Acusaci\u00f3n cuenta con escuchas telef\u00f3nicas en la que su nombre es mencionado como la presunta responsable de dar aviso en la previa a allanamientos contra la banda.<\/p>\n\n\n\n<p>La ca\u00edda de la polic\u00eda fue clave para dar con su hijo Kevin Israel F., de 23 a\u00f1os, sospechado de ser gatillero de la organizaci\u00f3n que lideran los reclusos Mauro Gerez, Juli\u00e1n Aguirre, Andr\u00e9s Ben\u00edtez y Jonat\u00e1n Almada. Eso es porque el presunto sicario hab\u00eda sido buscado a trav\u00e9s de vigilancias encubiertas en la puerta de distintos domicilios donde pernoctaba, pero no hab\u00eda sido encontrado.<\/p>\n\n\n\n<p>Kevin F. tambi\u00e9n fue detenido en la puerta del edificio. Sus constantes movimientos para no ser hallado en una misma casa ten\u00edan una explicaci\u00f3n, seg\u00fan indic\u00f3 una fuente de la causa: en la \u00faltima semana lo atacaron a tiros dos veces y result\u00f3 ileso.<\/p>\n","protected":false},"excerpt":{"rendered":"<p>El hijo de la oficial, de 23 a\u00f1os, tambi\u00e9n fue arrestado. Sospechan que actuaba como gatillero para esa misma organizaci\u00f3n criminal. Una polic\u00eda que estaba con licencia m\u00e9dica fue detenida en Rosario, sospechada de haber filtrado informaci\u00f3n a la presunta c\u00e9lula de Los Monos que opera en la zona Noroeste de la ciudad. Su hijo, [&hellip;]<\/p>\n","protected":false},"author":2,"featured_media":54332,"comment_status":"open","ping_status":"open","sticky":false,"template":"","format":"standard","meta":{"tdm_status":"","tdm_grid_status":"","_joinchat":[],"footnotes":""},"categories":[63],"tags":[],"class_list":{"0":"post-54331","1":"post","2":"type-post","3":"status-publish","4":"format-standard","5":"has-post-thumbnail","7":"category-policiales"},"amp_enabled":true,"_links":{"self":[{"href":"https:\/\/www.todoeldia.com\/index.php\/wp-json\/wp\/v2\/posts\/54331","targetHints":{"allow":["GET"]}}],"collection":[{"href":"https:\/\/www.todoeldia.com\/index.php\/wp-json\/wp\/v2\/posts"}],"about":[{"href":"https:\/\/www.todoeldia.com\/index.php\/wp-json\/wp\/v2\/types\/post"}],"author":[{"embeddable":true,"href":"https:\/\/www.todoeldia.com\/index.php\/wp-json\/wp\/v2\/users\/2"}],"replies":[{"embeddable":true,"href":"https:\/\/www.todoeldia.com\/index.php\/wp-json\/wp\/v2\/comments?post=54331"}],"version-history":[{"count":1,"href":"https:\/\/www.todoeldia.com\/index.php\/wp-json\/wp\/v2\/posts\/54331\/revisions"}],"predecessor-version":[{"id":54335,"href":"https:\/\/www.todoeldia.com\/index.php\/wp-json\/wp\/v2\/posts\/54331\/revisions\/54335"}],"wp:featuredmedia":[{"embeddable":true,"href":"https:\/\/www.todoeldia.com\/index.php\/wp-json\/wp\/v2\/media\/54332"}],"wp:attachment":[{"href":"https:\/\/www.todoeldia.com\/index.php\/wp-json\/wp\/v2\/media?parent=54331"}],"wp:term":[{"taxonomy":"category","embeddable":true,"href":"https:\/\/www.todoeldia.com\/index.php\/wp-json\/wp\/v2\/categories?post=54331"},{"taxonomy":"post_tag","embeddable":true,"href":"https:\/\/www.todoeldia.com\/index.php\/wp-json\/wp\/v2\/tags?post=54331"}],"curies":[{"name":"wp","href":"https:\/\/api.w.org\/{rel}","templated":true}]}}