{"id":5495,"date":"2020-09-12T11:24:54","date_gmt":"2020-09-12T14:24:54","guid":{"rendered":"https:\/\/www.todoeldia.com\/?p=5495"},"modified":"2020-09-12T11:24:55","modified_gmt":"2020-09-12T14:24:55","slug":"el-chaqueno-palavecino-con-coronavirus","status":"publish","type":"post","link":"https:\/\/www.todoeldia.com\/index.php\/2020\/09\/12\/el-chaqueno-palavecino-con-coronavirus\/","title":{"rendered":"El Chaque\u00f1o Palavecino con coronavirus"},"content":{"rendered":"\n<p>El propio folclorista lo hizo saber a trav\u00e9s de un comunicado donde tambi\u00e9n anuncia la postergaci\u00f3n de su agenda y su participaci\u00f3n en la Fiesta Nacional de la Nuez<\/p>\n\n\n\n<p>Se encuentra aislado y en reposo con todos los protocolos en su casa en Rosario de Lerma.<\/p>\n\n\n\n<figure class=\"wp-block-image size-large\"><img loading=\"lazy\" decoding=\"async\" width=\"715\" height=\"707\" src=\"https:\/\/www.todoeldia.com\/wp-content\/uploads\/2020\/09\/chaqueno-palavecini-1.jpg\" alt=\"\" class=\"wp-image-5500\" srcset=\"https:\/\/www.todoeldia.com\/wp-content\/uploads\/2020\/09\/chaqueno-palavecini-1.jpg 715w, https:\/\/www.todoeldia.com\/wp-content\/uploads\/2020\/09\/chaqueno-palavecini-1-300x297.jpg 300w, https:\/\/www.todoeldia.com\/wp-content\/uploads\/2020\/09\/chaqueno-palavecini-1-696x688.jpg 696w, https:\/\/www.todoeldia.com\/wp-content\/uploads\/2020\/09\/chaqueno-palavecini-1-425x420.jpg 425w\" sizes=\"auto, (max-width: 715px) 100vw, 715px\" \/><\/figure>\n","protected":false},"excerpt":{"rendered":"<p>El propio folclorista lo hizo saber a trav\u00e9s de un comunicado donde tambi\u00e9n anuncia la postergaci\u00f3n de su agenda y su participaci\u00f3n en la Fiesta Nacional de la Nuez Se encuentra aislado y en reposo con todos los protocolos en su casa en Rosario de Lerma.<\/p>\n","protected":false},"author":2,"featured_media":5498,"comment_status":"open","ping_status":"open","sticky":false,"template":"","format":"standard","meta":{"tdm_status":"","tdm_grid_status":"","_joinchat":[],"footnotes":""},"categories":[65],"tags":[],"class_list":{"0":"post-5495","1":"post","2":"type-post","3":"status-publish","4":"format-standard","5":"has-post-thumbnail","7":"category-coronavirus"},"amp_enabled":true,"_links":{"self":[{"href":"https:\/\/www.todoeldia.com\/index.php\/wp-json\/wp\/v2\/posts\/5495","targetHints":{"allow":["GET"]}}],"collection":[{"href":"https:\/\/www.todoeldia.com\/index.php\/wp-json\/wp\/v2\/posts"}],"about":[{"href":"https:\/\/www.todoeldia.com\/index.php\/wp-json\/wp\/v2\/types\/post"}],"author":[{"embeddable":true,"href":"https:\/\/www.todoeldia.com\/index.php\/wp-json\/wp\/v2\/users\/2"}],"replies":[{"embeddable":true,"href":"https:\/\/www.todoeldia.com\/index.php\/wp-json\/wp\/v2\/comments?post=5495"}],"version-history":[{"count":2,"href":"https:\/\/www.todoeldia.com\/index.php\/wp-json\/wp\/v2\/posts\/5495\/revisions"}],"predecessor-version":[{"id":5501,"href":"https:\/\/www.todoeldia.com\/index.php\/wp-json\/wp\/v2\/posts\/5495\/revisions\/5501"}],"wp:featuredmedia":[{"embeddable":true,"href":"https:\/\/www.todoeldia.com\/index.php\/wp-json\/wp\/v2\/media\/5498"}],"wp:attachment":[{"href":"https:\/\/www.todoeldia.com\/index.php\/wp-json\/wp\/v2\/media?parent=5495"}],"wp:term":[{"taxonomy":"category","embeddable":true,"href":"https:\/\/www.todoeldia.com\/index.php\/wp-json\/wp\/v2\/categories?post=5495"},{"taxonomy":"post_tag","embeddable":true,"href":"https:\/\/www.todoeldia.com\/index.php\/wp-json\/wp\/v2\/tags?post=5495"}],"curies":[{"name":"wp","href":"https:\/\/api.w.org\/{rel}","templated":true}]}}