{"id":55055,"date":"2023-03-15T12:46:52","date_gmt":"2023-03-15T15:46:52","guid":{"rendered":"https:\/\/www.todoeldia.com\/?p=55055"},"modified":"2023-03-15T12:46:55","modified_gmt":"2023-03-15T15:46:55","slug":"no-hay-muchas-opciones-hoy-vence-el-plazo-y-hay-4-frentes-electorales-presentados","status":"publish","type":"post","link":"https:\/\/www.todoeldia.com\/index.php\/2023\/03\/15\/no-hay-muchas-opciones-hoy-vence-el-plazo-y-hay-4-frentes-electorales-presentados\/","title":{"rendered":"No hay muchas opciones: hoy vence el plazo y hay 4 frentes electorales presentados"},"content":{"rendered":"\n<p>A las 21 vence el plazo para la presentaci\u00f3n de los frentes electorales para competir en las elecciones del pr\u00f3ximo 14 de mayo en salta.<\/p>\n\n\n\n<p>Se trata de Avancemos, Salta Avanza con Vos y el Frente de Todos (FdT), que present\u00f3 dos alianzas distintas con el mismo nombre.<\/p>\n\n\n\n<p>Se aclar\u00f3 que el Tribunal revisar\u00e1 los requisitos y definir\u00e1 cu\u00e1l de los dos finalmente se queda con el nombre.<\/p>\n\n\n\n<p>El frente Avancemos con Emiliano Gobernador, lo integran el Partido Ahora Patria, Salta Independiente, Movimiento Popular Unido y el Partido de la Victoria.<\/p>\n\n\n\n<p>Uno de los Frente de Todos, se integra por el Partido Igualar, Patria Grande, Frente Grande y las agrupaciones Municipales \u201cCreer\u201d de Or\u00e1n, Tartagal e Yrigoyen. Tambi\u00e9n, la agrupaci\u00f3n Municipal Morena.<\/p>\n\n\n\n<p>El otro Frente de Todos, present\u00f3 su alianza entre el Partido del Trabajo del Pueblo, Kolina, Nuevo Encuentro y Solidario.<\/p>\n\n\n\n<p>Por su parte, el Frente Salta Avanza con Vos lo integran el Partido Uni\u00f3n Victoria Popular, Federal Alternativo Regional Organizado &#8211; Faro y las agrupaciones municipales Movimiento Unido Quebrachale\u00f1o y Dignidad y Trabajo.<\/p>\n\n\n\n<p>Se confirm\u00f3 que el Partido de la Victoria no es parte de ninguno de los dos FdT a ra\u00edz de la presentaci\u00f3n judicial que hubo, por lo que se mantiene en su alianza con Avancemos.<\/p>\n","protected":false},"excerpt":{"rendered":"<p>A las 21 vence el plazo para la presentaci\u00f3n de los frentes electorales para competir en las elecciones del pr\u00f3ximo 14 de mayo en salta. Se trata de Avancemos, Salta Avanza con Vos y el Frente de Todos (FdT), que present\u00f3 dos alianzas distintas con el mismo nombre. Se aclar\u00f3 que el Tribunal revisar\u00e1 los [&hellip;]<\/p>\n","protected":false},"author":2,"featured_media":26373,"comment_status":"open","ping_status":"open","sticky":false,"template":"","format":"standard","meta":{"tdm_status":"","tdm_grid_status":"","_joinchat":[],"footnotes":""},"categories":[59],"tags":[],"class_list":{"0":"post-55055","1":"post","2":"type-post","3":"status-publish","4":"format-standard","5":"has-post-thumbnail","7":"category-politica"},"amp_enabled":true,"_links":{"self":[{"href":"https:\/\/www.todoeldia.com\/index.php\/wp-json\/wp\/v2\/posts\/55055","targetHints":{"allow":["GET"]}}],"collection":[{"href":"https:\/\/www.todoeldia.com\/index.php\/wp-json\/wp\/v2\/posts"}],"about":[{"href":"https:\/\/www.todoeldia.com\/index.php\/wp-json\/wp\/v2\/types\/post"}],"author":[{"embeddable":true,"href":"https:\/\/www.todoeldia.com\/index.php\/wp-json\/wp\/v2\/users\/2"}],"replies":[{"embeddable":true,"href":"https:\/\/www.todoeldia.com\/index.php\/wp-json\/wp\/v2\/comments?post=55055"}],"version-history":[{"count":1,"href":"https:\/\/www.todoeldia.com\/index.php\/wp-json\/wp\/v2\/posts\/55055\/revisions"}],"predecessor-version":[{"id":55056,"href":"https:\/\/www.todoeldia.com\/index.php\/wp-json\/wp\/v2\/posts\/55055\/revisions\/55056"}],"wp:featuredmedia":[{"embeddable":true,"href":"https:\/\/www.todoeldia.com\/index.php\/wp-json\/wp\/v2\/media\/26373"}],"wp:attachment":[{"href":"https:\/\/www.todoeldia.com\/index.php\/wp-json\/wp\/v2\/media?parent=55055"}],"wp:term":[{"taxonomy":"category","embeddable":true,"href":"https:\/\/www.todoeldia.com\/index.php\/wp-json\/wp\/v2\/categories?post=55055"},{"taxonomy":"post_tag","embeddable":true,"href":"https:\/\/www.todoeldia.com\/index.php\/wp-json\/wp\/v2\/tags?post=55055"}],"curies":[{"name":"wp","href":"https:\/\/api.w.org\/{rel}","templated":true}]}}