{"id":5506,"date":"2020-09-12T11:55:29","date_gmt":"2020-09-12T14:55:29","guid":{"rendered":"https:\/\/www.todoeldia.com\/?p=5506"},"modified":"2020-09-12T11:55:30","modified_gmt":"2020-09-12T14:55:30","slug":"esteban-en-oran-anuncio-el-arribo-de-profesionales-y-equipamiento-sanitario","status":"publish","type":"post","link":"https:\/\/www.todoeldia.com\/index.php\/2020\/09\/12\/esteban-en-oran-anuncio-el-arribo-de-profesionales-y-equipamiento-sanitario\/","title":{"rendered":"Esteban en Or\u00e1n anunci\u00f3 el arribo de profesionales y equipamiento sanitario"},"content":{"rendered":"\n<p>El ministro de Salud P\u00fablica de la Provincia Juan Jos\u00e9 Esteban arrib\u00f3 esta ma\u00f1ana a Or\u00e1n y anunci\u00f3 la llegada de 28 profesionales de la salud, 30 respiradores, 30 bombas de infusi\u00f3n y equipos de protecci\u00f3n para el personal del hospital.<\/p>\n\n\n\n<p>Asimismo, design\u00f3 como nuevo gerente al Dr. Guido Flores. En estos momentos recorres la instalaci\u00f3n del Hospital San Vicente de Paul y luego de ofrecer una conferencia de prensa visitara los hospitales de las otras localidades del departamento.<\/p>\n","protected":false},"excerpt":{"rendered":"<p>El ministro de Salud P\u00fablica de la Provincia Juan Jos\u00e9 Esteban arrib\u00f3 esta ma\u00f1ana a Or\u00e1n y anunci\u00f3 la llegada de 28 profesionales de la salud, 30 respiradores, 30 bombas de infusi\u00f3n y equipos de protecci\u00f3n para el personal del hospital. Asimismo, design\u00f3 como nuevo gerente al Dr. Guido Flores. En estos momentos recorres la [&hellip;]<\/p>\n","protected":false},"author":2,"featured_media":5507,"comment_status":"open","ping_status":"open","sticky":false,"template":"","format":"standard","meta":{"tdm_status":"","tdm_grid_status":"","_joinchat":[],"footnotes":""},"categories":[73],"tags":[],"class_list":{"0":"post-5506","1":"post","2":"type-post","3":"status-publish","4":"format-standard","5":"has-post-thumbnail","7":"category-noticias-general"},"amp_enabled":true,"_links":{"self":[{"href":"https:\/\/www.todoeldia.com\/index.php\/wp-json\/wp\/v2\/posts\/5506","targetHints":{"allow":["GET"]}}],"collection":[{"href":"https:\/\/www.todoeldia.com\/index.php\/wp-json\/wp\/v2\/posts"}],"about":[{"href":"https:\/\/www.todoeldia.com\/index.php\/wp-json\/wp\/v2\/types\/post"}],"author":[{"embeddable":true,"href":"https:\/\/www.todoeldia.com\/index.php\/wp-json\/wp\/v2\/users\/2"}],"replies":[{"embeddable":true,"href":"https:\/\/www.todoeldia.com\/index.php\/wp-json\/wp\/v2\/comments?post=5506"}],"version-history":[{"count":1,"href":"https:\/\/www.todoeldia.com\/index.php\/wp-json\/wp\/v2\/posts\/5506\/revisions"}],"predecessor-version":[{"id":5508,"href":"https:\/\/www.todoeldia.com\/index.php\/wp-json\/wp\/v2\/posts\/5506\/revisions\/5508"}],"wp:featuredmedia":[{"embeddable":true,"href":"https:\/\/www.todoeldia.com\/index.php\/wp-json\/wp\/v2\/media\/5507"}],"wp:attachment":[{"href":"https:\/\/www.todoeldia.com\/index.php\/wp-json\/wp\/v2\/media?parent=5506"}],"wp:term":[{"taxonomy":"category","embeddable":true,"href":"https:\/\/www.todoeldia.com\/index.php\/wp-json\/wp\/v2\/categories?post=5506"},{"taxonomy":"post_tag","embeddable":true,"href":"https:\/\/www.todoeldia.com\/index.php\/wp-json\/wp\/v2\/tags?post=5506"}],"curies":[{"name":"wp","href":"https:\/\/api.w.org\/{rel}","templated":true}]}}