{"id":55173,"date":"2023-03-16T17:53:52","date_gmt":"2023-03-16T20:53:52","guid":{"rendered":"https:\/\/www.todoeldia.com\/?p=55173"},"modified":"2023-03-16T17:53:54","modified_gmt":"2023-03-16T20:53:54","slug":"se-rompio-juntos-por-el-cambio-en-salta-al-pro-no-le-gusto-la-inclusion-del-panqueque-de-matias-posadas","status":"publish","type":"post","link":"https:\/\/www.todoeldia.com\/index.php\/2023\/03\/16\/se-rompio-juntos-por-el-cambio-en-salta-al-pro-no-le-gusto-la-inclusion-del-panqueque-de-matias-posadas\/","title":{"rendered":"Se rompi\u00f3 Juntos por el Cambio en Salta: al PRO no le gusto la inclusi\u00f3n del &#8220;panqueque&#8221; de  Mat\u00edas Posadas"},"content":{"rendered":"\n<p>Tras 48 horas de fren\u00e9ticas negociaciones, el frente pol\u00edtico no logr\u00f3 un acuerdo de cara a las elecciones del pr\u00f3ximo 14 de mayo. En el marco de la interna, Miguel Nanni (UCR) e In\u00e9s Liendo (PRO) pulseaban por la candidatura de JxC a la gobernaci\u00f3n.<\/p>\n\n\n\n<p>Luego de arduas negociaciones durante las \u00faltimas 48 horas, Juntos por el Cambio se rompi\u00f3 en Salta y el PRO decidi\u00f3 presentar una lista propia para las elecciones provinciales del 14 de mayo, donde est\u00e1 en juego la sucesi\u00f3n del gobernador Gustavo S\u00e1enz. La coalici\u00f3n opositora discuti\u00f3 hasta altas horas de anoche, que era el cierre de alianzas dispuesto por la Justicia Electoral. De esas deliberaciones participaron activamente operadores del larretismo, el bullrichismo y el radicalismo nacional.<\/p>\n\n\n\n<figure class=\"wp-block-image size-full is-resized\"><img loading=\"lazy\" decoding=\"async\" src=\"https:\/\/www.todoeldia.com\/wp-content\/uploads\/2023\/03\/nanni-liendo.jpg\" alt=\"\" class=\"wp-image-54419\" width=\"1068\" height=\"662\"\/><figcaption class=\"wp-element-caption\">Liendo y Nanni no se pusieron de acuerdo<\/figcaption><\/figure>\n\n\n\n<p>Los dos aspirantes a la gobernaci\u00f3n de JxC son In\u00e9s Liendo por el PRO y el diputado nacional Miguel Nanni por la UCR. A principios de esta semana hab\u00edan llegado a un principio de acuerdo. Eduardo Macchiavelli, armador pol\u00edtico de Horacio Rodr\u00edguez Larreta en el interior, estuvo en Salta el martes para intentar destrabar la situaci\u00f3n. En tanto que desde Buenos Aires, Federico Angelini&nbsp; y Dami\u00e1n Arabia son los operadores del bullrichismo que supervisan la situaci\u00f3n.<\/p>\n\n\n\n<p>En un principio, Liendo y Nanni hab\u00edan encontrado un punto com\u00fan para acordar lugares para algunas candidaturas provinciales. A su vez, avanzaban a definir la f\u00f3rmula para la gobernaci\u00f3n y, posiblemente, que Liendo compitiera por la intendencia de la capital. Sin embargo, todo se frustr\u00f3 esta ma\u00f1ana.<\/p>\n\n\n\n<p>El acuerdo salt\u00f3 por la borda luego de una jugada del radicalismo que molest\u00f3 al PRO salte\u00f1o. \u201cLa UCR decidi\u00f3 unirse a un partido del gobernador, muy alineado con Massa y nosotros preferimos ir solos\u201d, le asegur\u00f3 a Infobae un dirigente del partido amarillo que sigue la interna opositora desde Salta.<\/p>\n\n\n\n<p>Las negociaciones explotaron cuando la UCR incluy\u00f3 a la coalici\u00f3n al Frente Plural, un partido presidido por Mat\u00edas Posadas, dirigente ligado al gobernador S\u00e1enz. Posadas integra el Consejo Econ\u00f3mico Social de Salta y antes fue funcionario del gobernador. \u201cDecidimos ser fieles a nuestras convicciones y no firmar el acta de constituci\u00f3n del frente\u201d, respondieron a este medio desde el PRO y confirmaron la fractura.<\/p>\n\n\n\n<p>En el partido amarillo sospechan que Gerardo Morales, gobernador de Jujuy y candidato a presidente de la UCR, estuvo detr\u00e1s de esa decisi\u00f3n del radicalismo en Salta para perjudicar al PRO. Es algo que cerca de Morales niegan.<\/p>\n\n\n\n<p>Otro punto que se\u00f1alaron en el partido fundado por Mauricio Macri es que S\u00e1enz es un gobernador ligado a Sergio Massa. Morales y Massa tienen una larga relaci\u00f3n pol\u00edtica. Son detalles que inquietan al PRO y motorizaron la determinaci\u00f3n de apartarse de la construcci\u00f3n del radicalismo salte\u00f1o.<\/p>\n\n\n\n<p>En este contexto, el PRO armar\u00e1 una lista propia para competir en la elecci\u00f3n provincial. Liendo es el nombre que m\u00e1s suena para la candidatura a gobernadora. Por estas horas, los dirigentes del PRO estaban reunidos en Salta para recalcular la ingenier\u00eda electoral y decidir los pasos a seguir.<\/p>\n\n\n\n<p>Cerca del mediod\u00eda, el PRO de Salta difundi\u00f3 un comunicado informando la decisi\u00f3n de romper el acuerdo con el radicalismo. \u201cA pesar del enorme esfuerzo que venimos haciendo desde el partido por mantener la unidad de Juntos por el Cambio en la provincia, finalmente el PRO tendr\u00e1 lista propia en las elecciones provinciales\u201d, detalla la masiva.<\/p>\n\n\n\n<p>\u201cLa unidad es un valor fundamental para nosotros, y por eso todo este tiempo hemos dialogado e intentado alcanzar los acuerdos necesarios para mantener y fortalecer Juntos por el Cambio en Salta\u201d, agrega el texto. Luego contin\u00faa: \u201cCreemos que ampliar el espacio lo fortalece, porque la diversidad de voces y miradas permite alcanzar mejores soluciones para los salte\u00f1os\u201d.<\/p>\n\n\n\n<p>No obstante, el PRO no toler\u00f3 la t\u00e1ctica del partido centenario y la cuerda se cort\u00f3. La tensi\u00f3n pol\u00edtica por los cierres de lista en Salta se suma a otras provincias, como Tierra del Fuego, Mendoza, Neuqu\u00e9n o R\u00edo Negro, donde JxC tuvo y tiene matices que ponen en riesgo las posibilidades de triunfar en los comicios de esos distritos.<\/p>\n\n\n\n<p>Son rispideces que aumentan la tensi\u00f3n nacional, desatada por la interna feroz entre Rodr\u00edguez Larreta y Patricia Bullrich, presidenta del PRO. Ambos est\u00e1n lanzados a la carrera presidencial y la turbulencia entre ambos traba las negociaciones provinciales y distritales.<\/p>\n","protected":false},"excerpt":{"rendered":"<p>Tras 48 horas de fren\u00e9ticas negociaciones, el frente pol\u00edtico no logr\u00f3 un acuerdo de cara a las elecciones del pr\u00f3ximo 14 de mayo. En el marco de la interna, Miguel Nanni (UCR) e In\u00e9s Liendo (PRO) pulseaban por la candidatura de JxC a la gobernaci\u00f3n. Luego de arduas negociaciones durante las \u00faltimas 48 horas, Juntos [&hellip;]<\/p>\n","protected":false},"author":2,"featured_media":55174,"comment_status":"open","ping_status":"open","sticky":false,"template":"","format":"standard","meta":{"tdm_status":"","tdm_grid_status":"","_joinchat":[],"footnotes":""},"categories":[59],"tags":[],"class_list":{"0":"post-55173","1":"post","2":"type-post","3":"status-publish","4":"format-standard","5":"has-post-thumbnail","7":"category-politica"},"amp_enabled":true,"_links":{"self":[{"href":"https:\/\/www.todoeldia.com\/index.php\/wp-json\/wp\/v2\/posts\/55173","targetHints":{"allow":["GET"]}}],"collection":[{"href":"https:\/\/www.todoeldia.com\/index.php\/wp-json\/wp\/v2\/posts"}],"about":[{"href":"https:\/\/www.todoeldia.com\/index.php\/wp-json\/wp\/v2\/types\/post"}],"author":[{"embeddable":true,"href":"https:\/\/www.todoeldia.com\/index.php\/wp-json\/wp\/v2\/users\/2"}],"replies":[{"embeddable":true,"href":"https:\/\/www.todoeldia.com\/index.php\/wp-json\/wp\/v2\/comments?post=55173"}],"version-history":[{"count":1,"href":"https:\/\/www.todoeldia.com\/index.php\/wp-json\/wp\/v2\/posts\/55173\/revisions"}],"predecessor-version":[{"id":55175,"href":"https:\/\/www.todoeldia.com\/index.php\/wp-json\/wp\/v2\/posts\/55173\/revisions\/55175"}],"wp:featuredmedia":[{"embeddable":true,"href":"https:\/\/www.todoeldia.com\/index.php\/wp-json\/wp\/v2\/media\/55174"}],"wp:attachment":[{"href":"https:\/\/www.todoeldia.com\/index.php\/wp-json\/wp\/v2\/media?parent=55173"}],"wp:term":[{"taxonomy":"category","embeddable":true,"href":"https:\/\/www.todoeldia.com\/index.php\/wp-json\/wp\/v2\/categories?post=55173"},{"taxonomy":"post_tag","embeddable":true,"href":"https:\/\/www.todoeldia.com\/index.php\/wp-json\/wp\/v2\/tags?post=55173"}],"curies":[{"name":"wp","href":"https:\/\/api.w.org\/{rel}","templated":true}]}}