{"id":55176,"date":"2023-03-16T18:01:03","date_gmt":"2023-03-16T21:01:03","guid":{"rendered":"https:\/\/www.todoeldia.com\/?p=55176"},"modified":"2023-03-16T18:01:05","modified_gmt":"2023-03-16T21:01:05","slug":"jimena-salas-confirman-preventiva-de-carlos-saavedra-y-conceden-el-arresto-domiciliario-de-adrian-guillermo-saavedra","status":"publish","type":"post","link":"https:\/\/www.todoeldia.com\/index.php\/2023\/03\/16\/jimena-salas-confirman-preventiva-de-carlos-saavedra-y-conceden-el-arresto-domiciliario-de-adrian-guillermo-saavedra\/","title":{"rendered":"Jimena Salas: confirman preventiva de Carlos Saavedra y conceden el arresto domiciliario de Adri\u00e1n Guillermo Saavedra"},"content":{"rendered":"\n<p>El juez Eduardo Barrionuevo de la Sala III del Tribunal de Impugnaci\u00f3n dispuso la sustituci\u00f3n de la prisi\u00f3n preventiva de Adri\u00e1n Guillermo Saavedra por arresto domiciliario condicionada la sustituci\u00f3n a que sea factible su incorporaci\u00f3n al sistema UADME u otro de similares caracter\u00edsticas.<\/p>\n\n\n\n<p>Dispuso adem\u00e1s confirmar la prisi\u00f3n preventiva de Carlos Dami\u00e1n Saavedra y declarar inadmisible el recurso interpuesto en relaci\u00f3n a la decisi\u00f3n sobre medidas probatorias tomadas por la Jueza de Garant\u00edas en Feria, conforme lo establecido por el art\u00edculo 253 del C\u00f3digo Procesal Penal que determina que la resoluci\u00f3n es inapelable.<\/p>\n\n\n\n<p>Javier Nicol\u00e1s Saavedra, Adri\u00e1n Guillermo Saavedra y Carlos Dami\u00e1n Saavedra se encuentran imputados por el delito de homicidio calificado por alevos\u00eda, ensa\u00f1amiento, criminis causa y por el concurso premeditado de dos o m\u00e1s personas y femicidio en perjuicio de Jimena Salas.<\/p>\n\n\n\n<p>El recurso fue planteado por la defensa de los hermanos Saavedra contra la resoluci\u00f3n que dispuso mantener la prisi\u00f3n preventiva de Adri\u00e1n Guillermo y Carlos Dami\u00e1n y rechazar la realizaci\u00f3n de una nueva pericia de ADN.<\/p>\n\n\n\n<p>Al resolver el planteo respecto de Adri\u00e1n Guillermo Saavedra, el juez cit\u00f3 que \u201cla no existencia de material gen\u00e9tico no genera per se la convicci\u00f3n negativa de participaci\u00f3n. Alguien puede haber estado en un lugar, no ser lastimado, no haber sido ara\u00f1ado por la v\u00edctima y por ende no ser compatible con las muestras gen\u00e9ticas encontradas en el lugar.\u201d<\/p>\n\n\n\n<p>En la anterior resoluci\u00f3n el juez Barrionuevo sostuvo que \u201cla din\u00e1mica del hecho investigado hace probable la participaci\u00f3n de m\u00e1s de dos personas (se encierra a las ni\u00f1as, se contiene al perrito, se forcejea con la v\u00edctima, se utiliza pu\u00f1al, se hace inteligencia, se desplaza en autos, se controla que no ingrese nadie a la casa, entre otras actividades,) y s\u00f3lo hay rastros gen\u00e9ticos de dos personas. De all\u00ed, que con toda l\u00f3gica hay part\u00edcipes del hecho de los que no quedaron rastros biol\u00f3gicos, por lo tanto la no coincidencia con los dos perfiles gen\u00e9ticos hallados, en modo alguno excluye como sospechoso a Adri\u00e1n Guillermo Saavedra.\u201d<\/p>\n\n\n\n<p>Dijo el juez que \u201cno se han incorporado elementos que permitan destruir la probabilidad de participaci\u00f3n de Adri\u00e1n Guillermo en los hechos.\u201d<\/p>\n\n\n\n<p>Respecto del imputado Carlos Dami\u00e1n Saavedra sostuvo el juez que \u201ctampoco surge del an\u00e1lisis de las testimoniales colectadas, la existencia de alg\u00fan testigo que d\u00e9 cuenta de su presencia en alg\u00fan otro lugar diferente al de los sucesos investigados, no pudi\u00e9ndose por ende desvincularlo del mismo por las consideraciones conceptuales existentes respecto de su persona.\u201d<\/p>\n","protected":false},"excerpt":{"rendered":"<p>El juez Eduardo Barrionuevo de la Sala III del Tribunal de Impugnaci\u00f3n dispuso la sustituci\u00f3n de la prisi\u00f3n preventiva de Adri\u00e1n Guillermo Saavedra por arresto domiciliario condicionada la sustituci\u00f3n a que sea factible su incorporaci\u00f3n al sistema UADME u otro de similares caracter\u00edsticas. Dispuso adem\u00e1s confirmar la prisi\u00f3n preventiva de Carlos Dami\u00e1n Saavedra y declarar [&hellip;]<\/p>\n","protected":false},"author":2,"featured_media":36805,"comment_status":"open","ping_status":"open","sticky":false,"template":"","format":"standard","meta":{"tdm_status":"","tdm_grid_status":"","_joinchat":[],"footnotes":""},"categories":[63],"tags":[],"class_list":{"0":"post-55176","1":"post","2":"type-post","3":"status-publish","4":"format-standard","5":"has-post-thumbnail","7":"category-policiales"},"amp_enabled":true,"_links":{"self":[{"href":"https:\/\/www.todoeldia.com\/index.php\/wp-json\/wp\/v2\/posts\/55176","targetHints":{"allow":["GET"]}}],"collection":[{"href":"https:\/\/www.todoeldia.com\/index.php\/wp-json\/wp\/v2\/posts"}],"about":[{"href":"https:\/\/www.todoeldia.com\/index.php\/wp-json\/wp\/v2\/types\/post"}],"author":[{"embeddable":true,"href":"https:\/\/www.todoeldia.com\/index.php\/wp-json\/wp\/v2\/users\/2"}],"replies":[{"embeddable":true,"href":"https:\/\/www.todoeldia.com\/index.php\/wp-json\/wp\/v2\/comments?post=55176"}],"version-history":[{"count":1,"href":"https:\/\/www.todoeldia.com\/index.php\/wp-json\/wp\/v2\/posts\/55176\/revisions"}],"predecessor-version":[{"id":55177,"href":"https:\/\/www.todoeldia.com\/index.php\/wp-json\/wp\/v2\/posts\/55176\/revisions\/55177"}],"wp:featuredmedia":[{"embeddable":true,"href":"https:\/\/www.todoeldia.com\/index.php\/wp-json\/wp\/v2\/media\/36805"}],"wp:attachment":[{"href":"https:\/\/www.todoeldia.com\/index.php\/wp-json\/wp\/v2\/media?parent=55176"}],"wp:term":[{"taxonomy":"category","embeddable":true,"href":"https:\/\/www.todoeldia.com\/index.php\/wp-json\/wp\/v2\/categories?post=55176"},{"taxonomy":"post_tag","embeddable":true,"href":"https:\/\/www.todoeldia.com\/index.php\/wp-json\/wp\/v2\/tags?post=55176"}],"curies":[{"name":"wp","href":"https:\/\/api.w.org\/{rel}","templated":true}]}}