{"id":5525,"date":"2020-09-12T13:39:47","date_gmt":"2020-09-12T16:39:47","guid":{"rendered":"https:\/\/www.todoeldia.com\/?p=5525"},"modified":"2020-09-12T13:39:49","modified_gmt":"2020-09-12T16:39:49","slug":"cuales-son-las-actividades-permitidas-en-estos-dias","status":"publish","type":"post","link":"https:\/\/www.todoeldia.com\/index.php\/2020\/09\/12\/cuales-son-las-actividades-permitidas-en-estos-dias\/","title":{"rendered":"Cu\u00e1les son las actividades permitidas en estos d\u00edas"},"content":{"rendered":"\n<p>El Comit\u00e9 Operativo de Emergencia resolvi\u00f3 nuevas medidas para el departamento capital que se extender\u00e1n hasta el 15 de septiembre.<\/p>\n\n\n\n<p>Cu\u00e1les son las actividades permitidas en estos d\u00edas, adem\u00e1s de otras consultas sobre c\u00f3mo actuar en diversas situaciones relacionadas con la pandemia, est\u00e1n detalladas a continuaci\u00f3n:<\/p>\n\n\n\n<ul class=\"wp-block-list\"><li>\u00bfCu\u00e1les son los lugares que pueden permanecer abiertos de lunes a s\u00e1bados?<\/li><\/ul>\n\n\n\n<p>Hasta el 15 de septiembre rigen una serie de medidas extraordinarias en el departamento Capital con el fin de controlar la situaci\u00f3n epidemiol\u00f3gica. Por lo que el COE estableci\u00f3 que solo pueden permanecer abiertos estaciones expendedoras de combustible, delivery de alimentos, comercios de proximidad tales como drugstores, despensas, kioscos y farmacias.<\/p>\n\n\n\n<p>Los Supermercados podr\u00e1n abrir los d\u00edas 10, 11 y 12 de septiembre.<\/p>\n\n\n\n<ul class=\"wp-block-list\"><li>\u00bfCu\u00e1les son los lugares que pueden permanecer abiertos los domingos?<\/li><\/ul>\n\n\n\n<p>Expendedoras de combustible, delivery de alimentos, comercios de proximidad tales como drugstores, despensas, kioscos y farmacias.<\/p>\n\n\n\n<ul class=\"wp-block-list\"><li>\u00bfPuedo acudir a cualquier comercio de los indicados anteriormente?<\/li><\/ul>\n\n\n\n<p>S\u00ed, salvo en los supermercados que solo podr\u00e1n ingresar el d\u00eda 11, las personas cuyo DNI termine en n\u00famero par (0, 2, 4, 6, 8), y los d\u00edas 10 y 12, las personas cuyo DNI termine en n\u00famero impar (1, 3, 5, 7, 9).<\/p>\n\n\n\n<ul class=\"wp-block-list\"><li>\u00bfPueden abrir restaurantes y casas de comidas?<\/li><\/ul>\n\n\n\n<p>Hasta el 15 de septiembre de 2.020 inclusive se suspenden las actividades gastron\u00f3micas; gimnasios, apertura de centros comerciales, galer\u00edas, ferias, peluquer\u00edas y comercios en general; as\u00ed como actividades recreativas en parques y plazas.<\/p>\n\n\n\n<ul class=\"wp-block-list\"><li>\u00bfHay alguna restricci\u00f3n en cuanto al horario de funcionamiento de los comercios habilitados?<\/li><\/ul>\n\n\n\n<p>Los supermercados podr\u00e1n abrir de 9 a 20. Los comercios de proximidad tales como kioscos, despensas y almacenes hasta las 22; las farmacias y delivery de alimentos hasta las 00.00.<\/p>\n\n\n\n<ul class=\"wp-block-list\"><li>\u00bfD\u00f3nde puedo denunciar a los comercios que incumplen con las pautas de prevenci\u00f3n tendientes a evitar la propagaci\u00f3n del virus? \u00bfY a los comercios abiertos que deber\u00edan estar cerrados?<\/li><\/ul>\n\n\n\n<p>Se debe llamar al 9-1-1<\/p>\n\n\n\n<ul class=\"wp-block-list\"><li>\u00bfA d\u00f3nde puedo llamar para asistencia a los adultos mayores?<\/li><\/ul>\n\n\n\n<p>Al 9-1-1<\/p>\n\n\n\n<ul class=\"wp-block-list\"><li>\u00bfA d\u00f3nde me tengo que comunicar si tengo s\u00edntomas relacionados al coronavirus?<\/li><\/ul>\n\n\n\n<p>Descargar la aplicaci\u00f3n SaltaCovid desde el Google Store y desde all\u00ed se le brindar\u00e1 asistencia y se los guiar\u00e1 con los pasos a seguir.<\/p>\n\n\n\n<p>Llamar al 9-1-1.<\/p>\n\n\n\n<ul class=\"wp-block-list\"><li>Si tengo s\u00edntomas y ya contact\u00e9 al servicio de salud, pero demoran. \u00bfDebo ir directamente al establecimiento de salud?<\/li><\/ul>\n\n\n\n<p>No se recomienda que una persona sintom\u00e1tica salga de su lugar de aislamiento. Solo en caso de que se coordine previamente el traslado desde el servicio de salud y preferentemente en una unidad de traslado apropiada<\/p>\n\n\n\n<ul class=\"wp-block-list\"><li>\u00bfQu\u00e9 debo hacer si siento que me falta el aire?<\/li><\/ul>\n\n\n\n<p>Ante la sensaci\u00f3n de falta de aire o agitaci\u00f3n en una persona sospechosa o confirmada de tener Covid19, se debe comunicar inmediatamente con el 911, a fin de coordinar el traslado a un servicio de salud.<\/p>\n\n\n\n<p>Si me dicen que me llevar\u00e1n a aislamiento, \u00bfQu\u00e9 debo llevar? Qu\u00e9 documentaci\u00f3n es necesaria?<\/p>\n\n\n\n<p>Ropa para 14 d\u00edas, elementos de higiene personal. Tel\u00e9fono u otros elementos electr\u00f3nicos para mantener la comunicacion. Alcohol en gel. Documentaci\u00f3n personal. Dinero en efectivo y\/o medios de pago electr\u00f3nico. Y todo lo que considere necesario para mantenerse ocupado o entretenido en ese per\u00edodo.<\/p>\n\n\n\n<p>Tambi\u00e9n deber\u00e1 averiguar si es necesario llevar su propia ropa de cama y toallas<\/p>\n\n\n\n<ul class=\"wp-block-list\"><li>Para internarme, \u00bfQu\u00e9 necesito?<\/li><\/ul>\n\n\n\n<p>Para la internaci\u00f3n, es necesario llevar la menor cantidad de cosas posible. Solo ropa c\u00f3moda y f\u00e1cil de quitar, documentaci\u00f3n personal y un tel\u00e9fono personal.<\/p>\n\n\n\n<ul class=\"wp-block-list\"><li>\u00bfSi tengo un familiar internado con COVID, puedo visitarlo?<\/li><\/ul>\n\n\n\n<p>En general no est\u00e1n permitidas las visitas a pacientes confirmados o sospechosos de Covid. En caso de que la instituci\u00f3n lo autorice, deber\u00e1 ser bajo estrictos protocolos de aislamiento y con el equipamiento de protecci\u00f3n personal correspondiente, bajo supervisi\u00f3n del personal de salud.<\/p>\n\n\n\n<ul class=\"wp-block-list\"><li>Si me dicen que mi familiar est\u00e1 muy grave, \u00bftengo derecho a despedirme de \u00e9l?<\/li><\/ul>\n\n\n\n<p>No se recomienda la autorizaci\u00f3n de visitas a pacientes Covid19 en servicios cr\u00edticos.<\/p>\n\n\n\n<ul class=\"wp-block-list\"><li>\u00bfEn el caso de que un familiar muera de COVID, puedo velarlo? C\u00f3mo debe ser el servicio?. \u00bfCu\u00e1l es el protocolo para entierro de personas fallecidas por o con Covid?<\/li><\/ul>\n\n\n\n<p>El protocolo de manejo de fallecidos por Covid19 no permite la realizaci\u00f3n de velorio. El cuerpo se debe acondicionar en el ata\u00fad dentro de la misma habitaci\u00f3n en la que se produjo el deceso y de all\u00ed tiene que ir directamente al servicio de inhumaci\u00f3n o cremaci\u00f3n. Se recomienda esta \u00faltima.<\/p>\n","protected":false},"excerpt":{"rendered":"<p>El Comit\u00e9 Operativo de Emergencia resolvi\u00f3 nuevas medidas para el departamento capital que se extender\u00e1n hasta el 15 de septiembre. Cu\u00e1les son las actividades permitidas en estos d\u00edas, adem\u00e1s de otras consultas sobre c\u00f3mo actuar en diversas situaciones relacionadas con la pandemia, est\u00e1n detalladas a continuaci\u00f3n: \u00bfCu\u00e1les son los lugares que pueden permanecer abiertos de [&hellip;]<\/p>\n","protected":false},"author":2,"featured_media":5526,"comment_status":"open","ping_status":"open","sticky":false,"template":"","format":"standard","meta":{"tdm_status":"","tdm_grid_status":"","_joinchat":[],"footnotes":""},"categories":[73],"tags":[],"class_list":{"0":"post-5525","1":"post","2":"type-post","3":"status-publish","4":"format-standard","5":"has-post-thumbnail","7":"category-noticias-general"},"amp_enabled":true,"_links":{"self":[{"href":"https:\/\/www.todoeldia.com\/index.php\/wp-json\/wp\/v2\/posts\/5525","targetHints":{"allow":["GET"]}}],"collection":[{"href":"https:\/\/www.todoeldia.com\/index.php\/wp-json\/wp\/v2\/posts"}],"about":[{"href":"https:\/\/www.todoeldia.com\/index.php\/wp-json\/wp\/v2\/types\/post"}],"author":[{"embeddable":true,"href":"https:\/\/www.todoeldia.com\/index.php\/wp-json\/wp\/v2\/users\/2"}],"replies":[{"embeddable":true,"href":"https:\/\/www.todoeldia.com\/index.php\/wp-json\/wp\/v2\/comments?post=5525"}],"version-history":[{"count":1,"href":"https:\/\/www.todoeldia.com\/index.php\/wp-json\/wp\/v2\/posts\/5525\/revisions"}],"predecessor-version":[{"id":5527,"href":"https:\/\/www.todoeldia.com\/index.php\/wp-json\/wp\/v2\/posts\/5525\/revisions\/5527"}],"wp:featuredmedia":[{"embeddable":true,"href":"https:\/\/www.todoeldia.com\/index.php\/wp-json\/wp\/v2\/media\/5526"}],"wp:attachment":[{"href":"https:\/\/www.todoeldia.com\/index.php\/wp-json\/wp\/v2\/media?parent=5525"}],"wp:term":[{"taxonomy":"category","embeddable":true,"href":"https:\/\/www.todoeldia.com\/index.php\/wp-json\/wp\/v2\/categories?post=5525"},{"taxonomy":"post_tag","embeddable":true,"href":"https:\/\/www.todoeldia.com\/index.php\/wp-json\/wp\/v2\/tags?post=5525"}],"curies":[{"name":"wp","href":"https:\/\/api.w.org\/{rel}","templated":true}]}}