{"id":55486,"date":"2023-03-22T13:29:46","date_gmt":"2023-03-22T16:29:46","guid":{"rendered":"https:\/\/www.todoeldia.com\/?p=55486"},"modified":"2023-03-22T13:29:48","modified_gmt":"2023-03-22T16:29:48","slug":"un-joven-conto-que-fue-victima-de-marcelo-corazza-y-denuncio-un-abuso-de-un-conductor-de-telefe","status":"publish","type":"post","link":"https:\/\/www.todoeldia.com\/index.php\/2023\/03\/22\/un-joven-conto-que-fue-victima-de-marcelo-corazza-y-denuncio-un-abuso-de-un-conductor-de-telefe\/","title":{"rendered":"Un joven cont\u00f3 que fue v\u00edctima de Marcelo Corazza y denunci\u00f3 un abuso de un conductor de Telefe"},"content":{"rendered":"\n<p>&#8220;Yo hablaba con Marcelo cuando ten\u00eda 14 a\u00f1os, a trav\u00e9s de una aplicaci\u00f3n&#8221;, cont\u00f3 Lucas Benvenuto.<\/p>\n\n\n\n<p>El nombre de Lucas Benvenuto reson\u00f3 en todos los portales porque decidi\u00f3 contar que fue v\u00edctima de trata y de abuso sexual desde peque\u00f1o hasta su adolescencia. El joven habl\u00f3 con el programa &#8220;A la tarde&#8221;, se refiri\u00f3 al caso de Marcelo Corazza y tambi\u00e9n apunt\u00f3 contra un conductor de Telefe.<\/p>\n\n\n\n<p>Lucas dijo que el primer ganador de Gran Hermano y productor de Telefe habl\u00f3 con \u00e9l cuando ten\u00eda 14 a\u00f1os, tuvieron conversaciones sexuales y Corazza le pidi\u00f3 fotos privadas, pero nunca tuvieron un encuentro.<\/p>\n\n\n\n<p>\u201cYo hablaba con Marcelo cuando ten\u00eda 14 a\u00f1os, a trav\u00e9s de una aplicaci\u00f3n. Me mand\u00f3 fotos y mantuvimos conversaciones sexuales\u201d, cont\u00f3 el joven.<\/p>\n\n\n\n<p>Cont\u00f3 que fue abusado por un conductor de Telefe<\/p>\n\n\n\n<p>No termin\u00f3 ah\u00ed, Lucas Benvenuto, en la misma charla, cont\u00f3 que fue abusado por un famoso conductor de Telefe, a quien no nombr\u00f3 en vivo. &#8220;Hace un a\u00f1o y medio decid\u00ed hacer mi \u00faltima denuncia porque me lleva tiempo poder hablar y denunciar. Esta persona est\u00e1 conduciendo un programa en Telefe&#8221;, agreg\u00f3 el hombre al aire del programa de Karina Mazocco.<\/p>\n\n\n\n<p>\u201cEs un conductor y m\u00fasico. Yo sal\u00ed con \u00e9l desde los 14 a\u00f1os hasta los 17. Mi mam\u00e1 ha estado al tanto de eso. Lo conoci\u00f3. Mi mam\u00e1 llamaba a su casa para preguntar: \u2018\u00bfLucas lleg\u00f3?\u2019. \u00c9l ten\u00eda 32 y yo, 14\u2033, agreg\u00f3.<\/p>\n\n\n\n<p>&#8220;Lo denunci\u00e9 en 2020, en medio de la pandemia. La audiencia fue por Zoom y la fiscal me dijo: \u2018no podemos hacer nada porque el caso prescribi\u00f3, si vos queres hacer visible este caso en los medios, ten\u00e9s que saber que no vas a lograr nada de parte de nosotros porque prescribi\u00f3\u2019. Es la historia de mi vida esa palabra: \u2018prescribi\u00f3\u2019&#8221;, finaliz\u00f3 Benvenuto.<\/p>\n","protected":false},"excerpt":{"rendered":"<p>&#8220;Yo hablaba con Marcelo cuando ten\u00eda 14 a\u00f1os, a trav\u00e9s de una aplicaci\u00f3n&#8221;, cont\u00f3 Lucas Benvenuto. El nombre de Lucas Benvenuto reson\u00f3 en todos los portales porque decidi\u00f3 contar que fue v\u00edctima de trata y de abuso sexual desde peque\u00f1o hasta su adolescencia. El joven habl\u00f3 con el programa &#8220;A la tarde&#8221;, se refiri\u00f3 al [&hellip;]<\/p>\n","protected":false},"author":2,"featured_media":55487,"comment_status":"open","ping_status":"open","sticky":false,"template":"","format":"standard","meta":{"tdm_status":"","tdm_grid_status":"","_joinchat":[],"footnotes":""},"categories":[63],"tags":[],"class_list":{"0":"post-55486","1":"post","2":"type-post","3":"status-publish","4":"format-standard","5":"has-post-thumbnail","7":"category-policiales"},"amp_enabled":true,"_links":{"self":[{"href":"https:\/\/www.todoeldia.com\/index.php\/wp-json\/wp\/v2\/posts\/55486","targetHints":{"allow":["GET"]}}],"collection":[{"href":"https:\/\/www.todoeldia.com\/index.php\/wp-json\/wp\/v2\/posts"}],"about":[{"href":"https:\/\/www.todoeldia.com\/index.php\/wp-json\/wp\/v2\/types\/post"}],"author":[{"embeddable":true,"href":"https:\/\/www.todoeldia.com\/index.php\/wp-json\/wp\/v2\/users\/2"}],"replies":[{"embeddable":true,"href":"https:\/\/www.todoeldia.com\/index.php\/wp-json\/wp\/v2\/comments?post=55486"}],"version-history":[{"count":1,"href":"https:\/\/www.todoeldia.com\/index.php\/wp-json\/wp\/v2\/posts\/55486\/revisions"}],"predecessor-version":[{"id":55488,"href":"https:\/\/www.todoeldia.com\/index.php\/wp-json\/wp\/v2\/posts\/55486\/revisions\/55488"}],"wp:featuredmedia":[{"embeddable":true,"href":"https:\/\/www.todoeldia.com\/index.php\/wp-json\/wp\/v2\/media\/55487"}],"wp:attachment":[{"href":"https:\/\/www.todoeldia.com\/index.php\/wp-json\/wp\/v2\/media?parent=55486"}],"wp:term":[{"taxonomy":"category","embeddable":true,"href":"https:\/\/www.todoeldia.com\/index.php\/wp-json\/wp\/v2\/categories?post=55486"},{"taxonomy":"post_tag","embeddable":true,"href":"https:\/\/www.todoeldia.com\/index.php\/wp-json\/wp\/v2\/tags?post=55486"}],"curies":[{"name":"wp","href":"https:\/\/api.w.org\/{rel}","templated":true}]}}