{"id":5591,"date":"2020-09-13T12:29:33","date_gmt":"2020-09-13T15:29:33","guid":{"rendered":"https:\/\/www.todoeldia.com\/?p=5591"},"modified":"2020-09-13T12:29:34","modified_gmt":"2020-09-13T15:29:34","slug":"medico-agredido-en-la-guardia-del-hospital-de-oran-renuncio-y-relato-el-calvario-de-trabajar-en-condiciones-adversas","status":"publish","type":"post","link":"https:\/\/www.todoeldia.com\/index.php\/2020\/09\/13\/medico-agredido-en-la-guardia-del-hospital-de-oran-renuncio-y-relato-el-calvario-de-trabajar-en-condiciones-adversas\/","title":{"rendered":"M\u00e9dico agredido en la guardia del hospital de Or\u00e1n renunci\u00f3 y relato el calvario de trabajar en condiciones adversas"},"content":{"rendered":"\n<p>Daniel Gatica lleg\u00f3 hace 12 a\u00f1os a Or\u00e1n como m\u00e9dico residente, ayer familiares de una v\u00edctima fatal por coronavirus agredieron la guardia del hospital y el profesional dijo basta, en sus redes sociales se despidi\u00f3 contando c\u00f3mo es trabajar en el nosocomio oranense.<\/p>\n\n\n\n<figure class=\"wp-block-image is-resized\"><img loading=\"lazy\" decoding=\"async\" src=\"https:\/\/scontent.faep8-2.fna.fbcdn.net\/v\/t1.0-9\/119241682_160397949033657_6256771610560565203_n.jpg?_nc_cat=100&amp;_nc_sid=110474&amp;_nc_ohc=kmrY1F6ZQIsAX-wVHtR&amp;_nc_ht=scontent.faep8-2.fna&amp;oh=fc0c6879f61f65b22a03b022f6a70d47&amp;oe=5F847264\" alt=\"La imagen puede contener: 1 persona, de pie y barba\" width=\"563\" height=\"1227\"\/><figcaption>Dr.Daniel Gatica<\/figcaption><\/figure>\n\n\n\n<p>\u201cHoy viv\u00ed, uno de los d\u00edas m\u00e1s triste de mi vida como profesional, hoy sent\u00ed el peso de esta maldita pandemia. Hoy 13 septiembre dije basta, basta, fueron 12 d\u00edas de puro estr\u00e9s de solo dar malas noticias, de tener que estar en todos lados, de no dormir, de comer lo que venga, de no tomar agua por horas y horas, de no poder ir al ba\u00f1o porque, hasta nuestro espacio f\u00edsico de residencia, nos sacaron, espacio que los residentes armamos, pintamos, acondicionamos, para tener un ba\u00f1o digno y para dormir en una cama tendida, cuantas veces me dorm\u00ed parado con el EPP puesto despu\u00e9s de ver 32 o 40 o 64 pacientes de la guardia.<\/p>\n\n\n\n<p>Estoy cansado de tener 3 \u00f3bitos en una tarde o 5 en una noche y saber que nunca hay cama en terapia, que estamos solos, que no hay que molestar y arreglarse con lo que hay, d\u00edas y d\u00edas de guardia en emergencia donde hace m\u00e1s de un mes el ox\u00edgeno es un lujo.<\/p>\n\n\n\n<p>Me cans\u00e9 de atar con alambre, de hacer lo imposible, de seguir protocolos que sabemos que no sirven, de tener que elegir a quien dar una cama y a quien darle un tubo de ox\u00edgeno semi vac\u00edo y una camilla o una silla, me cans\u00e9 de salir a las 15 y volver a las 18 y salir dos d\u00edas despu\u00e9s, sin tener donde ba\u00f1arse ni cambiarse, total somos residentes.<\/p>\n\n\n\n<p>\u00bfTodo para qu\u00e9? Para recibir esto&#8230; una agresi\u00f3n f\u00edsica y al alma de una sociedad hip\u00f3crita e injusta que cuando se ten\u00eda que cuidar, todo era joda y joda, y hoy lloran a sus muertos y reclaman atenci\u00f3n&#8230;<\/p>\n\n\n\n<p>Siempre dije, hay que cuidarse porque cuando llegu\u00e9 la pandemia a Or\u00e1n har\u00e1 desastre, Nuestra poblaci\u00f3n tiene secuelas pulmonares, secuelas de tbc, hiv, de desnutrici\u00f3n, de obesidad, de adicciones y de diabetes no controlada. Tenemos hacinamiento a dos cuadras del centro, y hablo de conocer el barrio, la calle y los centros de salud por donde fui y voy desde que entre a la residencia.<\/p>\n\n\n\n<p>Hoy digo basta, Hoy siento que fracas\u00e9, hoy dejo el lugar que ame, el lugar que me ense\u00f1o, que me guio, que hizo lo bueno y lo malo que soy.<\/p>\n\n\n\n<p>No puedo m\u00e1s, Gracias a todos los que se preocuparon por m\u00ed, gracias por todo&#8230; Pero hasta aqu\u00ed llego mi salud mental, mi esfuerzo f\u00edsico y espiritual, no da para m\u00e1s. Esta pandemia saco lo peor de todos, gente que solo le calienta la guita y gente que no da m\u00e1s y no cobra nada, acaso alguien sabe lo que pasa en esa guardia, saben que somos 8 m\u00e9dicos desde hace 3 semanas, alguien sabe que el plantel desde hace 3 a\u00f1os es el mismo, que somos 21 de los cuales 4 somos residentes y que hoy quedamos 7 trabajando porque el resto enfermo, alguien sabe que pasamos 3 gerencias, 2 ministros y 6 jefes diferentes y que nada cambio?, el que quiera la verdad que venga y pregunte, aqu\u00ed hay de todo&#8230; pero ese no es el punto.<\/p>\n\n\n\n<p>Orgullosamente soy medico residente de medicina familuiar y general y hoy me sent\u00ed abandonado por el sistema y sobre todo por el Hospital (que nos afecta a d\u00f3nde quiere, cuando quiere y hace lo que quiere con nosotros), Lo siento mucho por la Guardia y por la gente que necesita atenci\u00f3n, pero as\u00ed, no se puede, esto ya es costumbre, hace mas de 3 a\u00f1os que trabajo en emergencias 24 hs todos los s\u00e1bados&#8230; y cada d\u00eda es peor. A d\u00f3nde qued\u00f3 la inversi\u00f3n en salud, los aplausos y los h\u00e9roes? porqu\u00e9 mis colegas, amigos y compa\u00f1eros de guardia no cobran desde junio, porque siempre para el monotributista y para el residente no hay plata porque todo sigue igual?<\/p>\n\n\n\n<p>Gracias de nuevo por preocuparse por m\u00ed, No hay m\u00e1s palabras para describir lo que siento fuerza colegas, fuerza residente, fuerza Or\u00e1n, que de esta saldremos todos juntos alg\u00fan d\u00eda la torta se cortara para todos y seremos un mejor equipo y un mejor hospital, hasta tanto que Dios nos ampare.<\/p>\n","protected":false},"excerpt":{"rendered":"<p>Daniel Gatica lleg\u00f3 hace 12 a\u00f1os a Or\u00e1n como m\u00e9dico residente, ayer familiares de una v\u00edctima fatal por coronavirus agredieron la guardia del hospital y el profesional dijo basta, en sus redes sociales se despidi\u00f3 contando c\u00f3mo es trabajar en el nosocomio oranense. \u201cHoy viv\u00ed, uno de los d\u00edas m\u00e1s triste de mi vida como [&hellip;]<\/p>\n","protected":false},"author":2,"featured_media":5594,"comment_status":"open","ping_status":"open","sticky":false,"template":"","format":"standard","meta":{"tdm_status":"","tdm_grid_status":"","_joinchat":[],"footnotes":""},"categories":[69],"tags":[],"class_list":{"0":"post-5591","1":"post","2":"type-post","3":"status-publish","4":"format-standard","5":"has-post-thumbnail","7":"category-salta"},"amp_enabled":true,"_links":{"self":[{"href":"https:\/\/www.todoeldia.com\/index.php\/wp-json\/wp\/v2\/posts\/5591","targetHints":{"allow":["GET"]}}],"collection":[{"href":"https:\/\/www.todoeldia.com\/index.php\/wp-json\/wp\/v2\/posts"}],"about":[{"href":"https:\/\/www.todoeldia.com\/index.php\/wp-json\/wp\/v2\/types\/post"}],"author":[{"embeddable":true,"href":"https:\/\/www.todoeldia.com\/index.php\/wp-json\/wp\/v2\/users\/2"}],"replies":[{"embeddable":true,"href":"https:\/\/www.todoeldia.com\/index.php\/wp-json\/wp\/v2\/comments?post=5591"}],"version-history":[{"count":2,"href":"https:\/\/www.todoeldia.com\/index.php\/wp-json\/wp\/v2\/posts\/5591\/revisions"}],"predecessor-version":[{"id":5595,"href":"https:\/\/www.todoeldia.com\/index.php\/wp-json\/wp\/v2\/posts\/5591\/revisions\/5595"}],"wp:featuredmedia":[{"embeddable":true,"href":"https:\/\/www.todoeldia.com\/index.php\/wp-json\/wp\/v2\/media\/5594"}],"wp:attachment":[{"href":"https:\/\/www.todoeldia.com\/index.php\/wp-json\/wp\/v2\/media?parent=5591"}],"wp:term":[{"taxonomy":"category","embeddable":true,"href":"https:\/\/www.todoeldia.com\/index.php\/wp-json\/wp\/v2\/categories?post=5591"},{"taxonomy":"post_tag","embeddable":true,"href":"https:\/\/www.todoeldia.com\/index.php\/wp-json\/wp\/v2\/tags?post=5591"}],"curies":[{"name":"wp","href":"https:\/\/api.w.org\/{rel}","templated":true}]}}