{"id":5596,"date":"2020-09-13T13:50:23","date_gmt":"2020-09-13T16:50:23","guid":{"rendered":"https:\/\/www.todoeldia.com\/?p=5596"},"modified":"2020-09-13T13:50:24","modified_gmt":"2020-09-13T16:50:24","slug":"fallecio-esta-manana-un-policia-con-covid-en-oran","status":"publish","type":"post","link":"https:\/\/www.todoeldia.com\/index.php\/2020\/09\/13\/fallecio-esta-manana-un-policia-con-covid-en-oran\/","title":{"rendered":"Falleci\u00f3 esta ma\u00f1ana un Polic\u00eda con Covid en Or\u00e1n"},"content":{"rendered":"\n<p>Este fue un domingo lamentable y triste para el personal de la Unidad&nbsp;Regional N\u00b0 2 de Or\u00e1n, es que en horas de la ma\u00f1ana se conoci\u00f3 el deceso del Sub Oficial Principal Andr\u00e9s Mamani, \u00abCacho\u00bb.<\/p>\n\n\n\n<p>Mamani se desempe\u00f1\u00f3 muchos a\u00f1os colaborando en la Cooperadora Asistencial, se encontraba internado en terapia intensiva el Hospital San Vicente de Paul con Covid, y esta ma\u00f1ana su cuadro cl\u00ednico se complic\u00f3 lo que provoc\u00f3 su fallecimiento.<\/p>\n","protected":false},"excerpt":{"rendered":"<p>Este fue un domingo lamentable y triste para el personal de la Unidad&nbsp;Regional N\u00b0 2 de Or\u00e1n, es que en horas de la ma\u00f1ana se conoci\u00f3 el deceso del Sub Oficial Principal Andr\u00e9s Mamani, \u00abCacho\u00bb. Mamani se desempe\u00f1\u00f3 muchos a\u00f1os colaborando en la Cooperadora Asistencial, se encontraba internado en terapia intensiva el Hospital San Vicente [&hellip;]<\/p>\n","protected":false},"author":2,"featured_media":5597,"comment_status":"open","ping_status":"open","sticky":false,"template":"","format":"standard","meta":{"tdm_status":"","tdm_grid_status":"","_joinchat":[],"footnotes":""},"categories":[65],"tags":[],"class_list":{"0":"post-5596","1":"post","2":"type-post","3":"status-publish","4":"format-standard","5":"has-post-thumbnail","7":"category-coronavirus"},"amp_enabled":true,"_links":{"self":[{"href":"https:\/\/www.todoeldia.com\/index.php\/wp-json\/wp\/v2\/posts\/5596","targetHints":{"allow":["GET"]}}],"collection":[{"href":"https:\/\/www.todoeldia.com\/index.php\/wp-json\/wp\/v2\/posts"}],"about":[{"href":"https:\/\/www.todoeldia.com\/index.php\/wp-json\/wp\/v2\/types\/post"}],"author":[{"embeddable":true,"href":"https:\/\/www.todoeldia.com\/index.php\/wp-json\/wp\/v2\/users\/2"}],"replies":[{"embeddable":true,"href":"https:\/\/www.todoeldia.com\/index.php\/wp-json\/wp\/v2\/comments?post=5596"}],"version-history":[{"count":1,"href":"https:\/\/www.todoeldia.com\/index.php\/wp-json\/wp\/v2\/posts\/5596\/revisions"}],"predecessor-version":[{"id":5598,"href":"https:\/\/www.todoeldia.com\/index.php\/wp-json\/wp\/v2\/posts\/5596\/revisions\/5598"}],"wp:featuredmedia":[{"embeddable":true,"href":"https:\/\/www.todoeldia.com\/index.php\/wp-json\/wp\/v2\/media\/5597"}],"wp:attachment":[{"href":"https:\/\/www.todoeldia.com\/index.php\/wp-json\/wp\/v2\/media?parent=5596"}],"wp:term":[{"taxonomy":"category","embeddable":true,"href":"https:\/\/www.todoeldia.com\/index.php\/wp-json\/wp\/v2\/categories?post=5596"},{"taxonomy":"post_tag","embeddable":true,"href":"https:\/\/www.todoeldia.com\/index.php\/wp-json\/wp\/v2\/tags?post=5596"}],"curies":[{"name":"wp","href":"https:\/\/api.w.org\/{rel}","templated":true}]}}