{"id":5622,"date":"2020-09-13T20:56:15","date_gmt":"2020-09-13T23:56:15","guid":{"rendered":"https:\/\/www.todoeldia.com\/?p=5622"},"modified":"2020-09-13T20:56:16","modified_gmt":"2020-09-13T23:56:16","slug":"no-a-la-impunidad-y-a-la-reforma-judicial-penal-los-reclamos-escuchados-durante-las-marchas-en-todo-el-pais","status":"publish","type":"post","link":"https:\/\/www.todoeldia.com\/index.php\/2020\/09\/13\/no-a-la-impunidad-y-a-la-reforma-judicial-penal-los-reclamos-escuchados-durante-las-marchas-en-todo-el-pais\/","title":{"rendered":"\u201cNo a la impunidad y a la reforma judicial penal\u201d: los reclamos escuchados durante las marchas en todo el pa\u00eds"},"content":{"rendered":"\n<p>Los principales motivos fueron contra la corrupci\u00f3n, la inseguridad y la crisis econ\u00f3mica derivada de la cuarentena.<\/p>\n\n\n\n<p>En contra de la\u00a0corrupci\u00f3n, la\u00a0impunidad, la\u00a0inseguridad\u00a0y la\u00a0reforma judicial penal\u00a0y por la cr\u00edtica\u00a0situaci\u00f3n econ\u00f3mica\u00a0producto de la cuarentena fueron las principales consignas que expresaron las personas que se manifestaron este domingo en distintos puntos del pa\u00eds.<\/p>\n\n\n\n<figure class=\"wp-block-image is-resized\"><img loading=\"lazy\" decoding=\"async\" src=\"https:\/\/www.infobae.com\/new-resizer\/vyqJzaR3z3LUBZtp1rMsmafYkxs=\/420x236\/filters:format(jpg):quality(85)\/\/cloudfront-us-east-1.images.arcpublishing.com\/infobae\/XCX6ARQLTFBX3DVMM5JZIDCQNU.jpg\" alt=\"infobae-image\" width=\"1066\" height=\"631\"\/><\/figure>\n\n\n\n<p>El&nbsp;Obelisco&nbsp;fue el epicentro de los reclamos en la Ciudad de Buenos Aires, en donde un joven explic\u00f3 que march\u00f3 \u201cpara&nbsp;parar la impunidad de este Gobierno\u201d y porque por \u201ccon la cuarentena no se puede m\u00e1s, la gente se est\u00e1 muriendo de hambre, no se puede m\u00e1s, hay que gobernar para 40 millones de argentinos no solamente para un grupo y lograr la&nbsp;impunidad\u201d.<\/p>\n\n\n\n<p>Una mujer explic\u00f3 que march\u00f3 \u201cpor la&nbsp;Justicia, por el pa\u00eds y por la&nbsp;decencia\u201d y advirti\u00f3: &#8220;Por la cuarentena sufrimos todos los d\u00edas y tenemos problemas\u201d.<\/p>\n\n\n\n<p>En el mismo sentido se expres\u00f3 un comerciante porte\u00f1o que destac\u00f3 que se manifest\u00f3 \u201cpac\u00edficamente\u201d y rechaz\u00f3 cualquier acto de violencia. \u201cLo \u00fanico que puedo hacer como ciudadano es protestar pac\u00edficamente.\u00a0Me sorprende que haya tanta gente\u201d, afirm\u00f3 en declaraciones a\u00a0<em>TN<\/em>.<\/p>\n\n\n\n<figure class=\"wp-block-image is-resized\"><img loading=\"lazy\" decoding=\"async\" src=\"https:\/\/www.infobae.com\/new-resizer\/s0u32VRxp4ra-bO0jcrP5WJ8T7w=\/420x236\/filters:format(jpg):quality(85)\/\/cloudfront-us-east-1.images.arcpublishing.com\/infobae\/HABT2K3S4ZEK5ETDM7FHT4HN7Y.jpg\" alt=\"(Gustavo Gavotti)\" width=\"1063\" height=\"629\"\/><\/figure>\n\n\n\n<p>En todo la zona se escucharon&nbsp;bocinazos,&nbsp;cacerolazos&nbsp;y se pod\u00edan ver&nbsp;banderas argentinas&nbsp;en las manos y autos embanderados. \u201cVine porque no me gusta el Gobierno, no me gusta el&nbsp;pacto de impunidad, la reforma, no me gusta nada, estoy en desacuerdo con todo lo que hace este Gobierno\u201d, dijo una vecina porte\u00f1a.<\/p>\n\n\n\n<p>Por su parte, otra vecina advirti\u00f3 que \u201cest\u00e1n sucediendo cosas muy graves\u201d porque \u201chay argentinos que est\u00e1n muriendo bajo las balas de los&nbsp;delincuentes, que est\u00e1n muriendo por la&nbsp;econom\u00eda, que est\u00e1n muriendo porque est\u00e1n&nbsp;reformando leyes&nbsp;mientras hay gente que no tiene para comer\u201d.<\/p>\n\n\n\n<p>A pocos metros, un hombre dijo: &#8220;Marcho por los valores de mi abuelo, por el&nbsp;futuro de mis nietos\u201d. Y otra manifestante dijo que viv\u00eda en Brandsen pero que se acerc\u00f3 hasta la Ciudad para advertir: \u201cSi nos quedamos en casa vamos a&nbsp;terminar siendo Venezuela&nbsp;y uno le quiere dejar otra cosa a nuestros hijos, un futuro, que puedan estudiar y salir adelante trabajando\u201d. \u201cVan por la Justicia, van por la libertad de prensa, van por todo y&nbsp;no nos podemos quedar de brazos cruzados&nbsp;protestando por Facebook\u201d, agreg\u00f3.<\/p>\n\n\n\n<p>Tambi\u00e9n fue hasta el Obelisco una vecina de Avellaneda que march\u00f3\u00a0\u201ccontra el\u00a0avasallamiento a la Justicia\u00a0y contra todo lo que est\u00e1n haciendo que es\u00a0anticonstitucional\u201d. \u201cQueremos vivir en una Rep\u00fablica, no queremos ser Venezuela, lo que hicieron con la Capital Federal va en contra de la Constituci\u00f3n\u201d, sostuvo.<\/p>\n\n\n\n<figure class=\"wp-block-image is-resized\"><img loading=\"lazy\" decoding=\"async\" src=\"https:\/\/www.infobae.com\/new-resizer\/ltl32ubNAzl072FBL8XFh619_Yo=\/420x236\/filters:format(jpg):quality(85)\/\/cloudfront-us-east-1.images.arcpublishing.com\/infobae\/VS7OYNEKPRC5JGDVFTCU26XFLE.jpg\" alt=\"infobae-image\" width=\"1062\" height=\"629\"\/><\/figure>\n\n\n\n<p>Otra vecina, con una Constituci\u00f3n en la mano, pidi\u00f3 \u201cque se la respete, para eso estamos ac\u00e1, para eso crecimos ac\u00e1\u201d. \u201cQuiero&nbsp;que&nbsp;(Horacio Rodr\u00edguez)&nbsp;Larreta se haga respetar, que se respete la Constituci\u00f3n y que no nos roben m\u00e1s\u201d.<\/p>\n\n\n\n<p>\u201cEstamos encerrados desde el primer d\u00eda que empez\u00f3 la cuarentena y no podemos trabajar,&nbsp;los derechos son para todos iguales\u201d, se quej\u00f3 un vecino, due\u00f1o de una cancha de f\u00fatbol que&nbsp;no pudo trabajar en todo este tiempo.<\/p>\n\n\n\n<p>Un joven calific\u00f3 como &#8220;una tomada de pelo del Presidente de la Naci\u00f3n tome como&nbsp;opulento un sueldo de $50.000&nbsp;con una canasta b\u00e1sica es de $40.000, cuando vive en un edificio de Puerto Madero, cuando liberaron a L\u00e1zaro B\u00e1ez\u201d.<\/p>\n\n\n\n<p>Bariloche<\/p>\n\n\n\n<p>En Bariloche, vecinos marcharon al Centro C\u00edvico reclamando la&nbsp;reactivaci\u00f3n de la actividad tur\u00edstica. \u201cEs verdaderamente&nbsp;dram\u00e1tica la situaci\u00f3n, una conmoci\u00f3n en relaci\u00f3n con este plan restrictivo de libertades, que limita fundamentalmente la actividad tur\u00edstica&#8221;, se\u00f1al\u00f3 Alberto Carreras, uno de los vecinos del lugar, que tambi\u00e9n se quej\u00f3 porque se est\u00e1n \u201cperdiendo las libertades\u201d.<\/p>\n\n\n\n<p>Por su parte, un m\u00e9dico pediatra de Bariloche rechaz\u00f3 la \u201creforma judicial K y la impunidad\u201d y se\u00f1al\u00f3 que \u201cla&nbsp;cuarentena interminable&nbsp;que se tiene que hay que revisar\u201d.<\/p>\n\n\n\n<p>En las protestas se mezcl\u00f3 tambi\u00e9n el reclamo por la toma de tierras en&nbsp;Villa Mascardi. Cecilia, vecina de Bariloche, dijo que no pueden disfrutar de este espacio por \u201cmiedo a los grupos violentos\u201d y pidi\u00f3 que \u201cel Estado nacional haga algo\u201d.<\/p>\n\n\n\n<p>Rosario<\/p>\n\n\n\n<p>En la ciudad santafesina de Rosario, una&nbsp;gran caravana de autos&nbsp;circul\u00f3 por la avenida Belgrano, durante m\u00e1s de una hora de protestas.<\/p>\n\n\n\n<p>\u201cLa Constituci\u00f3n es la m\u00e1xima autoridad de la Naci\u00f3n y hay que respetarla, cosa que no est\u00e1n haciendo\u201d, se quej\u00f3 una manifestante rosarina, y alert\u00f3: &#8220;Este es un Gobierno totalmente autoritario&nbsp;que quiere transformar nuestro pa\u00eds en una nueva&nbsp;Venezuela\u201d.<\/p>\n\n\n\n<p>Tucum\u00e1n<\/p>\n\n\n\n<p>En Tucum\u00e1n una de las caracter\u00edsticas de la marcha fue la cantidad de&nbsp;j\u00f3venes manifest\u00e1ndose. \u201cQueremos&nbsp;que nuestros representantes sean escuchados. Que las personas que yo vot\u00e9 sean escuchadas\u201d, dijo una joven con la bandera argentina en la mano.<\/p>\n\n\n\n<p>Otra cuestion\u00f3 \u201cel miedo que han inculcado con la desinformaci\u00f3n\u201d. \u201cCreo que hay un peligro, pero no debemos&nbsp;callarnos cuando ellos quieren\u201d. \u201cVine a defender la Rep\u00fablica, la Constituci\u00f3n y la libertad. Estamos hartos de&nbsp;este Gobierno que nos silencia constantemente\u201d, agreg\u00f3.<\/p>\n\n\n\n<p>&nbsp;\u201cEl \u00fanico sue\u00f1o que tenemos es vivir en nuestro pa\u00eds y hasta eso nos est\u00e1n sacando\u201d, advirti\u00f3 una joven tucumana, que critic\u00f3 que \u201chay mucha gente tibia&nbsp;en este pa\u00eds, tendr\u00edamos que salir todos a defender nuestros derechos&#8221;.<\/p>\n\n\n\n<p>\u201cSe van a perder por encima de 200.000 puestos de trabajo&nbsp;y eso es grav\u00edsimo\u201d, sostuvo un vecino tucumano.<\/p>\n\n\n\n<p>C\u00f3rdoba<\/p>\n\n\n\n<p>En el centro de la ciudad una gran&nbsp;caravana de veh\u00edculos&nbsp;se manifest\u00f3 por m\u00e1s de una hora flameando banderas argentinas y tocando bocinas.<\/p>\n\n\n\n<p>Un vecino de C\u00f3rdoba pidi\u00f3 \u201cun pa\u00eds libre\u201d y que \u201cnuestros representantes nos representen como corresponde\u201d. \u201cComos la gente que trabaja, que aporta y tenemos un Gobierno que nos est\u00e1 sacando para&nbsp;mantener a gente que nunca trabaj\u00f3, hay que ense\u00f1ar a trabajar\u201d, se\u00f1al\u00f3 y advirti\u00f3 que \u201ccon esta forma de gobernar&nbsp;los empresarios se van\u201d.<\/p>\n\n\n\n<p>Otro vecino reclam\u00f3 \u201cque los impuestos bajen, que haya&nbsp;trabajo&nbsp;y que se pueda vivir en&nbsp;democracia\u201d, mientras que una se\u00f1ora pidi\u00f3 que \u201cm\u00e1s all\u00e1 de la pandemia que&nbsp;no nos encierren, porque estamos en&nbsp;libertad&nbsp;y tenemos&nbsp;derecho a manifestarnos\u201d.<\/p>\n\n\n\n<p>Mendoza<\/p>\n\n\n\n<p>Los vecinos se manifestaron en una&nbsp;caravana de autos sobre la avenida San Mart\u00edn, que atraviesa la la ciudad de Mendoza de norte a sur. \u201cNo quiero que los&nbsp;delincuentes se adue\u00f1en del pa\u00eds, no quiero que se&nbsp;cambien los jueces que a Cristina le molestan. Si es inocente que se presente como corresponde.&nbsp;La reforma judicial no la quiero\u201d, manifest\u00f3 una vecina mientras saludaba a la caravana de autos.<\/p>\n\n\n\n<p>Un vecino mendocino dijo marchar contra \u201cla&nbsp;impunidad\u201d y la \u201cincorrecci\u00f3n&#8221;, pocos minutos antes de que comenzaran a escucharse las estrofas del Himno nacional.<\/p>\n","protected":false},"excerpt":{"rendered":"<p>Los principales motivos fueron contra la corrupci\u00f3n, la inseguridad y la crisis econ\u00f3mica derivada de la cuarentena. En contra de la\u00a0corrupci\u00f3n, la\u00a0impunidad, la\u00a0inseguridad\u00a0y la\u00a0reforma judicial penal\u00a0y por la cr\u00edtica\u00a0situaci\u00f3n econ\u00f3mica\u00a0producto de la cuarentena fueron las principales consignas que expresaron las personas que se manifestaron este domingo en distintos puntos del pa\u00eds. El&nbsp;Obelisco&nbsp;fue el epicentro de [&hellip;]<\/p>\n","protected":false},"author":2,"featured_media":5623,"comment_status":"open","ping_status":"open","sticky":false,"template":"","format":"standard","meta":{"tdm_status":"","tdm_grid_status":"","_joinchat":[],"footnotes":""},"categories":[59],"tags":[],"class_list":{"0":"post-5622","1":"post","2":"type-post","3":"status-publish","4":"format-standard","5":"has-post-thumbnail","7":"category-politica"},"amp_enabled":true,"_links":{"self":[{"href":"https:\/\/www.todoeldia.com\/index.php\/wp-json\/wp\/v2\/posts\/5622","targetHints":{"allow":["GET"]}}],"collection":[{"href":"https:\/\/www.todoeldia.com\/index.php\/wp-json\/wp\/v2\/posts"}],"about":[{"href":"https:\/\/www.todoeldia.com\/index.php\/wp-json\/wp\/v2\/types\/post"}],"author":[{"embeddable":true,"href":"https:\/\/www.todoeldia.com\/index.php\/wp-json\/wp\/v2\/users\/2"}],"replies":[{"embeddable":true,"href":"https:\/\/www.todoeldia.com\/index.php\/wp-json\/wp\/v2\/comments?post=5622"}],"version-history":[{"count":1,"href":"https:\/\/www.todoeldia.com\/index.php\/wp-json\/wp\/v2\/posts\/5622\/revisions"}],"predecessor-version":[{"id":5624,"href":"https:\/\/www.todoeldia.com\/index.php\/wp-json\/wp\/v2\/posts\/5622\/revisions\/5624"}],"wp:featuredmedia":[{"embeddable":true,"href":"https:\/\/www.todoeldia.com\/index.php\/wp-json\/wp\/v2\/media\/5623"}],"wp:attachment":[{"href":"https:\/\/www.todoeldia.com\/index.php\/wp-json\/wp\/v2\/media?parent=5622"}],"wp:term":[{"taxonomy":"category","embeddable":true,"href":"https:\/\/www.todoeldia.com\/index.php\/wp-json\/wp\/v2\/categories?post=5622"},{"taxonomy":"post_tag","embeddable":true,"href":"https:\/\/www.todoeldia.com\/index.php\/wp-json\/wp\/v2\/tags?post=5622"}],"curies":[{"name":"wp","href":"https:\/\/api.w.org\/{rel}","templated":true}]}}