{"id":5649,"date":"2020-09-14T11:10:06","date_gmt":"2020-09-14T14:10:06","guid":{"rendered":"https:\/\/www.todoeldia.com\/?p=5649"},"modified":"2020-09-14T11:10:08","modified_gmt":"2020-09-14T14:10:08","slug":"jorge-lanata-como-cristina-no-lo-deja-gobernar-el-pais-alberto-se-puso-a-gobernar-la-provincia","status":"publish","type":"post","link":"https:\/\/www.todoeldia.com\/index.php\/2020\/09\/14\/jorge-lanata-como-cristina-no-lo-deja-gobernar-el-pais-alberto-se-puso-a-gobernar-la-provincia\/","title":{"rendered":"Jorge Lanata: \u201ccomo Cristina no lo deja gobernar el pa\u00eds, Alberto se puso a gobernar la provincia\u201d"},"content":{"rendered":"\n<p>El conductor de Periodismo Para Todos se refiri\u00f3 al conflicto de la Polic\u00eda bonaerense y a la decisi\u00f3n del Presidente de quitarle m\u00e1s de un punto de coparticipaci\u00f3n a la Ciudad para resolverlo.&nbsp;<\/p>\n\n\n\n<p>En su habitual&nbsp;mon\u00f3logo de PPT Box,&nbsp;<a href=\"https:\/\/www.eltrecetv.com.ar\/perfil\/jorge-lanata_000142\">Jorge Lanata<\/a>&nbsp;se refiri\u00f3 a la protesta de la Polic\u00eda bonaerense y que gener\u00f3 la pol\u00e9mica decisi\u00f3n del presidente&nbsp;Alberto Fern\u00e1ndez&nbsp;de quitarla m\u00e1s de un punto de coparticipaci\u00f3n a la Ciudad de Buenos Aires para dar respuesta al reclamo salarial de los efectivos de la provincia gobernada por&nbsp;Axel Kicillof.&nbsp;&nbsp;&nbsp;<\/p>\n\n\n\n<p>&#8220;Con esto, qued\u00f3 demostrado que Kici no puede resolver ni un crucigrama. Pobre Alberto, como Cristina no lo deja gobernar el pa\u00eds, se puso a gobernar la provincia. La provincia es un quilombo: la Polic\u00eda est\u00e1 enojada con Kicillof, Alberto est\u00e1 enojado con Berni, los intendentes est\u00e1n enojados con Kicillof y con Berni, pero no con la Polic\u00eda. Cristina no est\u00e1 enojada ni con Berni ni con Kicillof, y Alberto hace lo que sea para que Cristina no se enoje con \u00e9l&#8221;, asegur\u00f3&nbsp;<a href=\"https:\/\/www.eltrecetv.com.ar\/perfil\/jorge-lanata_000142\">Jorge Lanata<\/a>, en uno de los pasajes de su mon\u00f3logo de PPT Box.&nbsp;<\/p>\n\n\n\n<p>&#8220;Bienvenidos a la Argentina, el pa\u00eds en donde en una semana pasa lo mismo que en Suecia en 5 a\u00f1os. Pasamos de las tomas de Guernica a las idas y vueltas de L\u00e1zaro. De L\u00e1zaro a la rebeli\u00f3n de la Polic\u00eda. Y de la rebeli\u00f3n de la Polic\u00eda a la pelea de Alberto con Horacio. Pasaron tantas cosas que por un momento nos olvidamos de preguntarnos lo m\u00e1s importante: si esa tosecita significa que estamos o no contagiados&#8221;.<\/p>\n\n\n\n<p>&#8220;En la Ciudad siguen con la apertura, cada vez hay m\u00e1s bares con mesas en la calle y est\u00e1n permitidos los encuentros al aire libre de hasta diez personas con barbijo y distanciamiento social. O sea que los Aut\u00e9nticos Decadentes, que son como doce o trece, van a tener que esperar seis meses m\u00e1s para volver a reunirse&#8221;.<\/p>\n\n\n\n<p>&#8220;En el Conurbano siguen aumentando los casos por la alta circulaci\u00f3n del virus. Eso s\u00ed, el virus circula un rato a la ma\u00f1ana y cuando baja el sol, como todo el mundo en el Conurbano, del cagazo se manda a guardar&#8221;.<\/p>\n\n\n\n<p>&#8220;Con su cl\u00e1sico discurso esperanzador, Nicol\u00e1s Kreplak dijo: \u201ctenemos que seguir con la cuarentena hasta tener la vacuna\u201d. As\u00ed que si ten\u00e9s un hijo en la primaria, and\u00e1 anot\u00e1ndolo en la Uba porque cuando se levante la cuarentena ya va a tener edad para estudiar ingenier\u00eda&#8221;.<\/p>\n\n\n\n<p>&#8220;Para colmo la OMS, tambi\u00e9n siempre con su mensaje optimista, dijo que no va a haber vacunaci\u00f3n masiva hasta el 2022. El problema ser\u00e1 cuando a fin de a\u00f1o aparezca el \u201ccovid 2020\u201d, versi\u00f3n full, y haya que esperar hasta el 2024 para que aparezca la nueva vacuna&#8221;.&nbsp;<\/p>\n\n\n\n<p>La protesta policial<\/p>\n\n\n\n<p>&#8220;El tema de la semana fue la protesta de la Polic\u00eda de la Provincia de Buenos Aires, que reclamaba ganar lo mismo que la Polic\u00eda de la Ciudad. O al menos una camperita bord\u00f3 que es mucho m\u00e1s cool&#8221;.&nbsp;<\/p>\n\n\n\n<p>&#8220;Mientras el problema escalaba, Alberto dijo: &#8220;el conflicto no se resuelve andando en patrullero y tocando sirenas&#8221;. Afirmativo, le respondieron, se resuelve con plata porque la pizza la podemos seguir mangueando&#8221;.&nbsp;<\/p>\n\n\n\n<p>&#8220;Mientras Kici segu\u00eda en silencio y todos se preguntaban d\u00f3nde estaba Magario, Alberto anunci\u00f3 que darian el aumento a los polic\u00edas con plata \u00bfde qui\u00e9n? de la Ciudad.&nbsp;<\/p>\n\n\n\n<p>En vez del bot\u00f3n rojo, apret\u00f3 el bot\u00f3n de la calculadora y le birl\u00f3 35 mil millones de la coparticipaci\u00f3n a la Ciudad. Un minuto antes de anunciarlo, Alberto le avis\u00f3 a Larreta por mensaje de texto&#8221;.<\/p>\n\n\n\n<p>&#8220;Alberto es de los que dejan a la novia por mensaje de texto y despu\u00e9s no le atienden m\u00e1s el tel\u00e9fono: \u201cLo nuestro no puede seguir, se enter\u00f3 Cristina\u201d. Siempre la ligan los porte\u00f1os. Primero por salir a correr, despu\u00e9s por tomar un caf\u00e9, despu\u00e9s por protestar y ahora por pagarle bien a la cana&#8221;.<\/p>\n\n\n\n<p>&#8220;En lugar de sacarle guita a la Ciudad por decreto, Alberto le podr\u00eda pedir a Fabiola que organice un telet\u00f3n para ayudar a la Bonaerense. \u201cUn sol para la yuta\u201d, el pr\u00f3ximo domingo por la televisi\u00f3n p\u00fablica&#8221;.&nbsp;<\/p>\n\n\n\n<p>&#8220;Con esto qued\u00f3 demostrado que Kici no puede resolver ni un crucigrama. Pobre Alberto, como Cristina no lo deja gobernar el pa\u00eds, se puso a gobernar la provincia. La provincia es un quilombo: la Polic\u00eda est\u00e1 enojada con Kicillof, Alberto est\u00e1 enojado con Berni, los intendentes est\u00e1n enojados con Kicillof y con Berni, pero no con la Polic\u00eda. Cristina no est\u00e1 enojada ni con Berni ni con Kicillof, y Alberto hace lo que sea para que Cristina no se enoje con \u00e9l&#8221;.&nbsp;<\/p>\n\n\n\n<p><br>Enga\u00f1ados y enojados&nbsp;<\/p>\n\n\n\n<p>&#8220;En el anuncio de Alberto, estaban Jorge Macri, Diego Valenzuela y varios intendentes de Cambiemos. Pero despu\u00e9s contaron que se enteraron del anunci\u00f3 \u00a1durante el anuncio! copado Alberto. Te dice: \u201c\u00bfme acompa\u00f1\u00e1s al banco?\u201d y cuando entr\u00e1s grita: \u201c\u00a1Esto es un asalto!\u201d y te pone una 9 mil\u00edmetros en la mano&#8221;.&nbsp;<\/p>\n\n\n\n<p>&#8220;Al fin, Larreta se enoj\u00f3 y al d\u00eda siguiente del anuncio de Alberto dijo que va a recurrir a la Corte por la coparticipaci\u00f3n. Despu\u00e9s de la separaci\u00f3n, Alberto se queda con la tenencia de Axel y Horacio le va a tener que pasar la cuota. Larreta no sab\u00eda si ir a la Corte o al estudio de Ana Rosenfeld&#8221;.&nbsp;<\/p>\n\n\n\n<p>&#8220;Aunque ya ven\u00edan con problemas, este es el final anunciado del tr\u00edo pandemia es una triste noticia, algo que no se daba desde la separaci\u00f3n de los Beatles. Y el tr\u00edo pandemia tambi\u00e9n tuvo su Yoko&#8221;.&nbsp;<\/p>\n","protected":false},"excerpt":{"rendered":"<p>El conductor de Periodismo Para Todos se refiri\u00f3 al conflicto de la Polic\u00eda bonaerense y a la decisi\u00f3n del Presidente de quitarle m\u00e1s de un punto de coparticipaci\u00f3n a la Ciudad para resolverlo.&nbsp; En su habitual&nbsp;mon\u00f3logo de PPT Box,&nbsp;Jorge Lanata&nbsp;se refiri\u00f3 a la protesta de la Polic\u00eda bonaerense y que gener\u00f3 la pol\u00e9mica decisi\u00f3n del [&hellip;]<\/p>\n","protected":false},"author":2,"featured_media":5650,"comment_status":"open","ping_status":"open","sticky":false,"template":"","format":"standard","meta":{"tdm_status":"","tdm_grid_status":"","_joinchat":[],"footnotes":""},"categories":[59],"tags":[],"class_list":{"0":"post-5649","1":"post","2":"type-post","3":"status-publish","4":"format-standard","5":"has-post-thumbnail","7":"category-politica"},"amp_enabled":true,"_links":{"self":[{"href":"https:\/\/www.todoeldia.com\/index.php\/wp-json\/wp\/v2\/posts\/5649","targetHints":{"allow":["GET"]}}],"collection":[{"href":"https:\/\/www.todoeldia.com\/index.php\/wp-json\/wp\/v2\/posts"}],"about":[{"href":"https:\/\/www.todoeldia.com\/index.php\/wp-json\/wp\/v2\/types\/post"}],"author":[{"embeddable":true,"href":"https:\/\/www.todoeldia.com\/index.php\/wp-json\/wp\/v2\/users\/2"}],"replies":[{"embeddable":true,"href":"https:\/\/www.todoeldia.com\/index.php\/wp-json\/wp\/v2\/comments?post=5649"}],"version-history":[{"count":1,"href":"https:\/\/www.todoeldia.com\/index.php\/wp-json\/wp\/v2\/posts\/5649\/revisions"}],"predecessor-version":[{"id":5651,"href":"https:\/\/www.todoeldia.com\/index.php\/wp-json\/wp\/v2\/posts\/5649\/revisions\/5651"}],"wp:featuredmedia":[{"embeddable":true,"href":"https:\/\/www.todoeldia.com\/index.php\/wp-json\/wp\/v2\/media\/5650"}],"wp:attachment":[{"href":"https:\/\/www.todoeldia.com\/index.php\/wp-json\/wp\/v2\/media?parent=5649"}],"wp:term":[{"taxonomy":"category","embeddable":true,"href":"https:\/\/www.todoeldia.com\/index.php\/wp-json\/wp\/v2\/categories?post=5649"},{"taxonomy":"post_tag","embeddable":true,"href":"https:\/\/www.todoeldia.com\/index.php\/wp-json\/wp\/v2\/tags?post=5649"}],"curies":[{"name":"wp","href":"https:\/\/api.w.org\/{rel}","templated":true}]}}