{"id":5655,"date":"2020-09-14T12:08:13","date_gmt":"2020-09-14T15:08:13","guid":{"rendered":"https:\/\/www.todoeldia.com\/?p=5655"},"modified":"2020-09-14T12:08:14","modified_gmt":"2020-09-14T15:08:14","slug":"nuevas-medidas-del-coe-del-16-al-20-de-setiembre","status":"publish","type":"post","link":"https:\/\/www.todoeldia.com\/index.php\/2020\/09\/14\/nuevas-medidas-del-coe-del-16-al-20-de-setiembre\/","title":{"rendered":"Nuevas medidas del COE del 16 al 20 de setiembre"},"content":{"rendered":"\n<p>\u2705 Aplican para los departamentos Capital, General G\u00fcemes, La Caldera, Cerrillos, Chicoana, Rosario de Lerma y La Vi\u00f1a.<\/p>\n\n\n\n<p>\u2705 Los dem\u00e1s departamentos contin\u00faan como ven\u00edan hasta el domingo 20.<\/p>\n\n\n\n<p>\u2705 La gastronom\u00eda atender\u00e1 hasta las 00 hs. por DNI o grupo familiar primario. Solo en espacios: abiertos y ventilados; y veredas.<\/p>\n\n\n\n<p>\u2705 Locales y centros comerciales atender\u00e1n hasta las 20 hs. por DNI.<\/p>\n\n\n\n<p>\u2705 Es obligatorio colocar en el ingreso un cartel indicando la cantidad m\u00e1xima de personas que pueden permanecer all\u00ed.<\/p>\n\n\n\n<p>\u2705 Tienen prioridad de atenci\u00f3n: embarazadas, personas con capacidades diferentes o movilidad reducida, adultos mayores y personas con ni\u00f1os en brazos.<\/p>\n\n\n\n<p>\u2705 Se suspenden actividades en gimnasios, clubes para actividades grupales; celebraciones religiosas, actividades culturales y art\u00edsticas; ferias, y pesca.<\/p>\n\n\n\n<p>Los deportes individuales contin\u00faan autorizados.<\/p>\n\n\n\n<p>\u2705 Se mantiene en toda la&nbsp; provincia la limitaci\u00f3n para circular entre municipios, excepto esenciales,&nbsp; y la prohibici\u00f3n de circulaci\u00f3n entre las 00 a 06 hs. No est\u00e1 permitida la permanencia en parques y plazas.<\/p>\n\n\n\n<p>\u2705 El domingo 20 de septiembre se suspende, en los departamentos abarcados en esta resoluci\u00f3n, la atenci\u00f3n en gastronom\u00eda; centros comerciales, supermercados y comercios en general.<\/p>\n\n\n\n<p>Excepto en comercios de cercan\u00eda y de actividades y servicios esenciales<\/p>\n","protected":false},"excerpt":{"rendered":"<p>\u2705 Aplican para los departamentos Capital, General G\u00fcemes, La Caldera, Cerrillos, Chicoana, Rosario de Lerma y La Vi\u00f1a. \u2705 Los dem\u00e1s departamentos contin\u00faan como ven\u00edan hasta el domingo 20. \u2705 La gastronom\u00eda atender\u00e1 hasta las 00 hs. por DNI o grupo familiar primario. Solo en espacios: abiertos y ventilados; y veredas. \u2705 Locales y centros [&hellip;]<\/p>\n","protected":false},"author":2,"featured_media":5659,"comment_status":"open","ping_status":"open","sticky":false,"template":"","format":"standard","meta":{"tdm_status":"","tdm_grid_status":"","_joinchat":[],"footnotes":""},"categories":[73],"tags":[],"class_list":{"0":"post-5655","1":"post","2":"type-post","3":"status-publish","4":"format-standard","5":"has-post-thumbnail","7":"category-noticias-general"},"amp_enabled":true,"_links":{"self":[{"href":"https:\/\/www.todoeldia.com\/index.php\/wp-json\/wp\/v2\/posts\/5655","targetHints":{"allow":["GET"]}}],"collection":[{"href":"https:\/\/www.todoeldia.com\/index.php\/wp-json\/wp\/v2\/posts"}],"about":[{"href":"https:\/\/www.todoeldia.com\/index.php\/wp-json\/wp\/v2\/types\/post"}],"author":[{"embeddable":true,"href":"https:\/\/www.todoeldia.com\/index.php\/wp-json\/wp\/v2\/users\/2"}],"replies":[{"embeddable":true,"href":"https:\/\/www.todoeldia.com\/index.php\/wp-json\/wp\/v2\/comments?post=5655"}],"version-history":[{"count":1,"href":"https:\/\/www.todoeldia.com\/index.php\/wp-json\/wp\/v2\/posts\/5655\/revisions"}],"predecessor-version":[{"id":5658,"href":"https:\/\/www.todoeldia.com\/index.php\/wp-json\/wp\/v2\/posts\/5655\/revisions\/5658"}],"wp:featuredmedia":[{"embeddable":true,"href":"https:\/\/www.todoeldia.com\/index.php\/wp-json\/wp\/v2\/media\/5659"}],"wp:attachment":[{"href":"https:\/\/www.todoeldia.com\/index.php\/wp-json\/wp\/v2\/media?parent=5655"}],"wp:term":[{"taxonomy":"category","embeddable":true,"href":"https:\/\/www.todoeldia.com\/index.php\/wp-json\/wp\/v2\/categories?post=5655"},{"taxonomy":"post_tag","embeddable":true,"href":"https:\/\/www.todoeldia.com\/index.php\/wp-json\/wp\/v2\/tags?post=5655"}],"curies":[{"name":"wp","href":"https:\/\/api.w.org\/{rel}","templated":true}]}}