{"id":5699,"date":"2020-09-14T19:23:40","date_gmt":"2020-09-14T22:23:40","guid":{"rendered":"https:\/\/www.todoeldia.com\/?p=5699"},"modified":"2020-09-14T19:23:41","modified_gmt":"2020-09-14T22:23:41","slug":"salta-confirman-4-muertes-y-240-nuevos-casos","status":"publish","type":"post","link":"https:\/\/www.todoeldia.com\/index.php\/2020\/09\/14\/salta-confirman-4-muertes-y-240-nuevos-casos\/","title":{"rendered":"Salta confirman 4 muertes y 240  nuevos casos"},"content":{"rendered":"\n<p>La Direcci\u00f3n General de Coordinaci\u00f3n de Epidemiolog\u00eda del Ministerio de Salud P\u00fablica inform\u00f3 que hoy se contabilizaron 240 nuevos contagios y se confirmaron 100 casos sospechosos.<\/p>\n\n\n\n<p>Como se\u00f1alamos ayer solo 14 son por contacto estrecho y las otras 226 personas desconocen la forma en que contrajeron el virus.<\/p>\n\n\n\n<p>La Capital sumo 140, Or\u00e1n 40, G\u00fcemes 14 y San Martin 13.<\/p>\n\n\n\n<p>&nbsp;Desde el inicio de la pandemia, en la Provincia suman 6917 los casos confirmados, de los cuales ya se han recuperado 4286, lo que representa el 62%. Hay 85 pacientes internados en unidades de terapia intensiva, 57 con asistencia respiratoria mec\u00e1nica.<\/p>\n\n\n\n<p>A la fecha, los decesos suman 94.<\/p>\n\n\n\n<figure class=\"wp-block-image size-large\"><img loading=\"lazy\" decoding=\"async\" width=\"501\" height=\"893\" src=\"https:\/\/www.todoeldia.com\/wp-content\/uploads\/2020\/09\/image-4.png\" alt=\"\" class=\"wp-image-5700\" srcset=\"https:\/\/www.todoeldia.com\/wp-content\/uploads\/2020\/09\/image-4.png 501w, https:\/\/www.todoeldia.com\/wp-content\/uploads\/2020\/09\/image-4-168x300.png 168w, https:\/\/www.todoeldia.com\/wp-content\/uploads\/2020\/09\/image-4-300x535.png 300w, https:\/\/www.todoeldia.com\/wp-content\/uploads\/2020\/09\/image-4-236x420.png 236w\" sizes=\"auto, (max-width: 501px) 100vw, 501px\" \/><\/figure>\n","protected":false},"excerpt":{"rendered":"<p>La Direcci\u00f3n General de Coordinaci\u00f3n de Epidemiolog\u00eda del Ministerio de Salud P\u00fablica inform\u00f3 que hoy se contabilizaron 240 nuevos contagios y se confirmaron 100 casos sospechosos. Como se\u00f1alamos ayer solo 14 son por contacto estrecho y las otras 226 personas desconocen la forma en que contrajeron el virus. La Capital sumo 140, Or\u00e1n 40, G\u00fcemes [&hellip;]<\/p>\n","protected":false},"author":2,"featured_media":5702,"comment_status":"open","ping_status":"open","sticky":false,"template":"","format":"standard","meta":{"tdm_status":"","tdm_grid_status":"","_joinchat":[],"footnotes":""},"categories":[65],"tags":[],"class_list":{"0":"post-5699","1":"post","2":"type-post","3":"status-publish","4":"format-standard","5":"has-post-thumbnail","7":"category-coronavirus"},"amp_enabled":true,"_links":{"self":[{"href":"https:\/\/www.todoeldia.com\/index.php\/wp-json\/wp\/v2\/posts\/5699","targetHints":{"allow":["GET"]}}],"collection":[{"href":"https:\/\/www.todoeldia.com\/index.php\/wp-json\/wp\/v2\/posts"}],"about":[{"href":"https:\/\/www.todoeldia.com\/index.php\/wp-json\/wp\/v2\/types\/post"}],"author":[{"embeddable":true,"href":"https:\/\/www.todoeldia.com\/index.php\/wp-json\/wp\/v2\/users\/2"}],"replies":[{"embeddable":true,"href":"https:\/\/www.todoeldia.com\/index.php\/wp-json\/wp\/v2\/comments?post=5699"}],"version-history":[{"count":1,"href":"https:\/\/www.todoeldia.com\/index.php\/wp-json\/wp\/v2\/posts\/5699\/revisions"}],"predecessor-version":[{"id":5703,"href":"https:\/\/www.todoeldia.com\/index.php\/wp-json\/wp\/v2\/posts\/5699\/revisions\/5703"}],"wp:featuredmedia":[{"embeddable":true,"href":"https:\/\/www.todoeldia.com\/index.php\/wp-json\/wp\/v2\/media\/5702"}],"wp:attachment":[{"href":"https:\/\/www.todoeldia.com\/index.php\/wp-json\/wp\/v2\/media?parent=5699"}],"wp:term":[{"taxonomy":"category","embeddable":true,"href":"https:\/\/www.todoeldia.com\/index.php\/wp-json\/wp\/v2\/categories?post=5699"},{"taxonomy":"post_tag","embeddable":true,"href":"https:\/\/www.todoeldia.com\/index.php\/wp-json\/wp\/v2\/tags?post=5699"}],"curies":[{"name":"wp","href":"https:\/\/api.w.org\/{rel}","templated":true}]}}