{"id":5718,"date":"2020-09-14T21:03:55","date_gmt":"2020-09-15T00:03:55","guid":{"rendered":"https:\/\/www.todoeldia.com\/?p=5718"},"modified":"2020-09-14T21:03:56","modified_gmt":"2020-09-15T00:03:56","slug":"los-jueces-bruglia-y-bertuzzi-volvieron-a-pedir-la-intervencion-inmediata-de-la-corte-para-no-ser-removidos-de-sus-cargos","status":"publish","type":"post","link":"https:\/\/www.todoeldia.com\/index.php\/2020\/09\/14\/los-jueces-bruglia-y-bertuzzi-volvieron-a-pedir-la-intervencion-inmediata-de-la-corte-para-no-ser-removidos-de-sus-cargos\/","title":{"rendered":"Los jueces Bruglia y Bertuzzi volvieron a pedir la \u201cintervenci\u00f3n inmediata\u201d de la Corte para no ser removidos de sus cargos"},"content":{"rendered":"\n<p>Presentaron hoy un escrito, ante la posibilidad de que el mi\u00e9rcoles el kirchnerismo los desplace de sus cargos en una sesi\u00f3n del Senado convocada por la vicepresidenta.<\/p>\n\n\n\n<p>A trav\u00e9s de un escrito, los jueces&nbsp;Leopoldo Bruglia y Pablo Bertuzzi&nbsp;volvieron a acudir a la&nbsp;<a href=\"https:\/\/www.clarin.com\/tema\/corte-suprema-de-justicia.html\" target=\"_blank\" rel=\"noreferrer noopener\">Corte Suprema&nbsp;<\/a>para evitar ser removidos de sus cargos.<\/p>\n\n\n\n<p>Lo hicieron ante la posibilidad de que el mi\u00e9rcoles el kirchnerismo los desplace en una sesi\u00f3n del&nbsp;<a href=\"https:\/\/www.clarin.com\/tema\/senado-de-la-nacion.html\" target=\"_blank\" rel=\"noreferrer noopener\">Senado<\/a>&nbsp;convocada por la vicepresidenta&nbsp;<a href=\"https:\/\/www.clarin.com\/tema\/cristina-kirchner.html\" target=\"_blank\" rel=\"noreferrer noopener\">Cristina Kirchner.<\/a>&nbsp;.<\/p>\n\n\n\n<p>La titular&nbsp;del Senado convoc\u00f3 a una sesi\u00f3n especial para este mi\u00e9rcoles a las 16 para revertir los traslados de tres magistrados que intervinieron en causas de corrupci\u00f3n que la investigan.<\/p>\n\n\n\n<p>La semana pasada, la Comisi\u00f3n de Acuerdos del Senado hab\u00eda dictaminado&nbsp;que los camaristas Leopoldo Bruglia y Pablo Bertuzzi y el juez Germ\u00e1n Castelli deben volver a sus puestos de origen y dejar de ese modo los tribunales en donde en los \u00faltimos a\u00f1os intervinieron en causas de corrupci\u00f3n que investigan a la hoy vicepresidenta.<\/p>\n\n\n\n<p>La vicepresidenta, de este modo, quiere que se revierta la decisi\u00f3n del gobierno de&nbsp;<a href=\"https:\/\/www.clarin.com\/tema\/mauricio-macri.html\" target=\"_blank\" rel=\"noreferrer noopener\">Mauricio Macri,<\/a>&nbsp;que traslad\u00f3 a Bruglia y a Bertuzzi desde el Tribunal Oral Federal 4 hacia la C\u00e1mara.<\/p>\n\n\n\n<p>En ese contexto, los jueces solicitaron&nbsp;ahora a trav\u00e9s del&nbsp;recurso extraordinario por salto de instancia la&nbsp;&#8220;inmediata intervenci\u00f3n&#8221;&nbsp;del m\u00e1ximo tribunal<\/p>\n\n\n\n<p>A fines de agosto, a trav\u00e9s del recurso del&nbsp;<em>per saltum<\/em>, los jueces ya hab\u00edan reclamado al m\u00e1ximo tribunal&nbsp;la nulidad de las resoluciones del&nbsp;Consejo de la Magistratura y de la C\u00e1mara Alta&nbsp;que promueven su desplazamiento.<\/p>\n\n\n\n<p>Los camaristas plantearon entonces que la situaci\u00f3n expone una &#8220;gravedad institucional&#8221; ante la cual el m\u00e1ximo tribunal &#8220;debe poner inmediato remedio&#8221;.<\/p>\n","protected":false},"excerpt":{"rendered":"<p>Presentaron hoy un escrito, ante la posibilidad de que el mi\u00e9rcoles el kirchnerismo los desplace de sus cargos en una sesi\u00f3n del Senado convocada por la vicepresidenta. A trav\u00e9s de un escrito, los jueces&nbsp;Leopoldo Bruglia y Pablo Bertuzzi&nbsp;volvieron a acudir a la&nbsp;Corte Suprema&nbsp;para evitar ser removidos de sus cargos. Lo hicieron ante la posibilidad de [&hellip;]<\/p>\n","protected":false},"author":2,"featured_media":5719,"comment_status":"open","ping_status":"open","sticky":false,"template":"","format":"standard","meta":{"tdm_status":"","tdm_grid_status":"","_joinchat":[],"footnotes":""},"categories":[59],"tags":[],"class_list":{"0":"post-5718","1":"post","2":"type-post","3":"status-publish","4":"format-standard","5":"has-post-thumbnail","7":"category-politica"},"amp_enabled":true,"_links":{"self":[{"href":"https:\/\/www.todoeldia.com\/index.php\/wp-json\/wp\/v2\/posts\/5718","targetHints":{"allow":["GET"]}}],"collection":[{"href":"https:\/\/www.todoeldia.com\/index.php\/wp-json\/wp\/v2\/posts"}],"about":[{"href":"https:\/\/www.todoeldia.com\/index.php\/wp-json\/wp\/v2\/types\/post"}],"author":[{"embeddable":true,"href":"https:\/\/www.todoeldia.com\/index.php\/wp-json\/wp\/v2\/users\/2"}],"replies":[{"embeddable":true,"href":"https:\/\/www.todoeldia.com\/index.php\/wp-json\/wp\/v2\/comments?post=5718"}],"version-history":[{"count":1,"href":"https:\/\/www.todoeldia.com\/index.php\/wp-json\/wp\/v2\/posts\/5718\/revisions"}],"predecessor-version":[{"id":5720,"href":"https:\/\/www.todoeldia.com\/index.php\/wp-json\/wp\/v2\/posts\/5718\/revisions\/5720"}],"wp:featuredmedia":[{"embeddable":true,"href":"https:\/\/www.todoeldia.com\/index.php\/wp-json\/wp\/v2\/media\/5719"}],"wp:attachment":[{"href":"https:\/\/www.todoeldia.com\/index.php\/wp-json\/wp\/v2\/media?parent=5718"}],"wp:term":[{"taxonomy":"category","embeddable":true,"href":"https:\/\/www.todoeldia.com\/index.php\/wp-json\/wp\/v2\/categories?post=5718"},{"taxonomy":"post_tag","embeddable":true,"href":"https:\/\/www.todoeldia.com\/index.php\/wp-json\/wp\/v2\/tags?post=5718"}],"curies":[{"name":"wp","href":"https:\/\/api.w.org\/{rel}","templated":true}]}}