{"id":57185,"date":"2023-04-29T12:34:32","date_gmt":"2023-04-29T15:34:32","guid":{"rendered":"https:\/\/www.todoeldia.com\/?p=57185"},"modified":"2023-04-29T12:34:51","modified_gmt":"2023-04-29T15:34:51","slug":"un-tren-solar-circulara-por-jujuy-a-partir-de-octubre","status":"publish","type":"post","link":"https:\/\/www.todoeldia.com\/index.php\/2023\/04\/29\/un-tren-solar-circulara-por-jujuy-a-partir-de-octubre\/","title":{"rendered":"Un tren solar circular\u00e1 por Jujuy a partir de octubre"},"content":{"rendered":"\n<p>Se est\u00e1 fabricando en China y se trata del primero en su tipo a nivel mundial, seg\u00fan el Gobierno juje\u00f1o.<\/p>\n\n\n\n<p>El gobernador de Jujuy, Gerardo Morales, anticip\u00f3 que durante octubre pr\u00f3ximo ya estar\u00e1 operativo un tren solar en esa provincia, que fue fabricado en China.<\/p>\n\n\n\n<p>&#8220;Se trata del primer tren solar del mundo, dise\u00f1ado en China, a trav\u00e9s de un plan estrat\u00e9gico especial para Jujuy&#8221;, se\u00f1al\u00f3 el mandatario provincial en redes sociales.<\/p>\n\n\n\n<figure class=\"wp-block-image size-full is-resized\"><img loading=\"lazy\" decoding=\"async\" src=\"https:\/\/www.todoeldia.com\/wp-content\/uploads\/2023\/04\/image-155.png\" alt=\"\" class=\"wp-image-57187\" width=\"914\" height=\"619\"\/><\/figure>\n\n\n\n<p>Adem\u00e1s, explic\u00f3 que el tren estar\u00e1 equipado con bater\u00edas de litio, las cuales se recargar\u00e1n en las plantas solares ubicadas en diversos puntos de la Quebrada de Humahuaca.<\/p>\n\n\n\n<p>&nbsp;Las dos duplas adquiridas por la Provincia ser\u00e1n entregadas en China en el transcurso de la primera quincena de junio y alcanzar\u00e1n capacidad operacional durante la primera quincena de octubre.<\/p>\n\n\n\n<p>&#8220;Este es el fruto de un enorme trabajo que involucra la producci\u00f3n de litio y refleja nuestra apuesta por las energ\u00edas renovables. Es una gran noticia para la industria tur\u00edstica de Jujuy y todo el pa\u00eds&#8221;, subray\u00f3 Morales.<\/p>\n\n\n\n<p>El tren circular\u00e1 entre las localidades de Volc\u00e1n y Tilcara y se trata de uno de los m\u00e1s grandes proyectos tur\u00edsticos en la historia de Jujuy, de acuerdo con un comunicado difundido por el Gobierno provincial.<\/p>\n","protected":false},"excerpt":{"rendered":"<p>Se est\u00e1 fabricando en China y se trata del primero en su tipo a nivel mundial, seg\u00fan el Gobierno juje\u00f1o. El gobernador de Jujuy, Gerardo Morales, anticip\u00f3 que durante octubre pr\u00f3ximo ya estar\u00e1 operativo un tren solar en esa provincia, que fue fabricado en China. &#8220;Se trata del primer tren solar del mundo, dise\u00f1ado en [&hellip;]<\/p>\n","protected":false},"author":2,"featured_media":57186,"comment_status":"open","ping_status":"open","sticky":false,"template":"","format":"standard","meta":{"tdm_status":"","tdm_grid_status":"","_joinchat":[],"footnotes":""},"categories":[73],"tags":[],"class_list":{"0":"post-57185","1":"post","2":"type-post","3":"status-publish","4":"format-standard","5":"has-post-thumbnail","7":"category-noticias-general"},"amp_enabled":true,"_links":{"self":[{"href":"https:\/\/www.todoeldia.com\/index.php\/wp-json\/wp\/v2\/posts\/57185","targetHints":{"allow":["GET"]}}],"collection":[{"href":"https:\/\/www.todoeldia.com\/index.php\/wp-json\/wp\/v2\/posts"}],"about":[{"href":"https:\/\/www.todoeldia.com\/index.php\/wp-json\/wp\/v2\/types\/post"}],"author":[{"embeddable":true,"href":"https:\/\/www.todoeldia.com\/index.php\/wp-json\/wp\/v2\/users\/2"}],"replies":[{"embeddable":true,"href":"https:\/\/www.todoeldia.com\/index.php\/wp-json\/wp\/v2\/comments?post=57185"}],"version-history":[{"count":1,"href":"https:\/\/www.todoeldia.com\/index.php\/wp-json\/wp\/v2\/posts\/57185\/revisions"}],"predecessor-version":[{"id":57188,"href":"https:\/\/www.todoeldia.com\/index.php\/wp-json\/wp\/v2\/posts\/57185\/revisions\/57188"}],"wp:featuredmedia":[{"embeddable":true,"href":"https:\/\/www.todoeldia.com\/index.php\/wp-json\/wp\/v2\/media\/57186"}],"wp:attachment":[{"href":"https:\/\/www.todoeldia.com\/index.php\/wp-json\/wp\/v2\/media?parent=57185"}],"wp:term":[{"taxonomy":"category","embeddable":true,"href":"https:\/\/www.todoeldia.com\/index.php\/wp-json\/wp\/v2\/categories?post=57185"},{"taxonomy":"post_tag","embeddable":true,"href":"https:\/\/www.todoeldia.com\/index.php\/wp-json\/wp\/v2\/tags?post=57185"}],"curies":[{"name":"wp","href":"https:\/\/api.w.org\/{rel}","templated":true}]}}