{"id":57189,"date":"2023-04-29T12:43:48","date_gmt":"2023-04-29T15:43:48","guid":{"rendered":"https:\/\/www.todoeldia.com\/?p=57189"},"modified":"2023-04-29T12:43:49","modified_gmt":"2023-04-29T15:43:49","slug":"ivana-nadal-eligio-posar-con-una-microbikini-con-una-perspectiva-que-resalto-su-parte-de-atras","status":"publish","type":"post","link":"https:\/\/www.todoeldia.com\/index.php\/2023\/04\/29\/ivana-nadal-eligio-posar-con-una-microbikini-con-una-perspectiva-que-resalto-su-parte-de-atras\/","title":{"rendered":"Ivana Nadal eligi\u00f3 posar con una microbikini con una perspectiva que resalt\u00f3 su parte de atr\u00e1s"},"content":{"rendered":"\n<p>La argentina levant\u00f3 la temperatura con sus poses desde una piscina.<\/p>\n\n\n\n<p>Ivana Nadal lo hizo nuevamente, capt\u00f3 la atenci\u00f3n de sus seguidores con poses muy atrevidas. En sus redes, la modelo tiene acostumbrados a todos con sus contenidos muy subidos de tono y s\u00faper sensuales.<\/p>\n\n\n\n<figure class=\"wp-block-image size-large is-resized\"><img loading=\"lazy\" decoding=\"async\" src=\"https:\/\/www.todoeldia.com\/wp-content\/uploads\/2023\/04\/image-156-576x1024.png\" alt=\"\" class=\"wp-image-57191\" width=\"911\" height=\"1653\"\/><\/figure>\n\n\n\n<p>Esta vez, en sus historias de Instagram, la morocha comparti\u00f3 dos fotos, una posando de espalda y la otra de frente, en ambas dejando a todos boquiabiertos por su incre\u00edble figura.<\/p>\n\n\n\n<figure class=\"wp-block-image size-large is-resized\"><img loading=\"lazy\" decoding=\"async\" src=\"https:\/\/www.todoeldia.com\/wp-content\/uploads\/2023\/04\/image-157-576x1024.png\" alt=\"\" class=\"wp-image-57192\" width=\"918\" height=\"1665\"\/><\/figure>\n\n\n\n<p>En la primera imagen, Ivana se fotografi\u00f3 de atr\u00e1s, con una microbikini tipo taparrabo, color azul petr\u00f3leo, quedando su trasero en primera plana. \u201cVos bien?\u201d, escribi\u00f3 Nadal sobre el posteo.<\/p>\n\n\n\n<p>En la siguiente foto, la modelo pos\u00f3 de frente, abriendo la consulta a sus seguidores sobre cu\u00e1nto creen que mide de altura.<\/p>\n","protected":false},"excerpt":{"rendered":"<p>La argentina levant\u00f3 la temperatura con sus poses desde una piscina. Ivana Nadal lo hizo nuevamente, capt\u00f3 la atenci\u00f3n de sus seguidores con poses muy atrevidas. En sus redes, la modelo tiene acostumbrados a todos con sus contenidos muy subidos de tono y s\u00faper sensuales. Esta vez, en sus historias de Instagram, la morocha comparti\u00f3 [&hellip;]<\/p>\n","protected":false},"author":2,"featured_media":57190,"comment_status":"open","ping_status":"open","sticky":false,"template":"","format":"standard","meta":{"tdm_status":"","tdm_grid_status":"","_joinchat":[],"footnotes":""},"categories":[120],"tags":[],"class_list":{"0":"post-57189","1":"post","2":"type-post","3":"status-publish","4":"format-standard","5":"has-post-thumbnail","7":"category-espectaculos-2"},"amp_enabled":true,"_links":{"self":[{"href":"https:\/\/www.todoeldia.com\/index.php\/wp-json\/wp\/v2\/posts\/57189","targetHints":{"allow":["GET"]}}],"collection":[{"href":"https:\/\/www.todoeldia.com\/index.php\/wp-json\/wp\/v2\/posts"}],"about":[{"href":"https:\/\/www.todoeldia.com\/index.php\/wp-json\/wp\/v2\/types\/post"}],"author":[{"embeddable":true,"href":"https:\/\/www.todoeldia.com\/index.php\/wp-json\/wp\/v2\/users\/2"}],"replies":[{"embeddable":true,"href":"https:\/\/www.todoeldia.com\/index.php\/wp-json\/wp\/v2\/comments?post=57189"}],"version-history":[{"count":1,"href":"https:\/\/www.todoeldia.com\/index.php\/wp-json\/wp\/v2\/posts\/57189\/revisions"}],"predecessor-version":[{"id":57193,"href":"https:\/\/www.todoeldia.com\/index.php\/wp-json\/wp\/v2\/posts\/57189\/revisions\/57193"}],"wp:featuredmedia":[{"embeddable":true,"href":"https:\/\/www.todoeldia.com\/index.php\/wp-json\/wp\/v2\/media\/57190"}],"wp:attachment":[{"href":"https:\/\/www.todoeldia.com\/index.php\/wp-json\/wp\/v2\/media?parent=57189"}],"wp:term":[{"taxonomy":"category","embeddable":true,"href":"https:\/\/www.todoeldia.com\/index.php\/wp-json\/wp\/v2\/categories?post=57189"},{"taxonomy":"post_tag","embeddable":true,"href":"https:\/\/www.todoeldia.com\/index.php\/wp-json\/wp\/v2\/tags?post=57189"}],"curies":[{"name":"wp","href":"https:\/\/api.w.org\/{rel}","templated":true}]}}