{"id":57201,"date":"2023-04-30T11:50:52","date_gmt":"2023-04-30T14:50:52","guid":{"rendered":"https:\/\/www.todoeldia.com\/?p=57201"},"modified":"2023-04-30T11:51:48","modified_gmt":"2023-04-30T14:51:48","slug":"tuvo-un-cuadro-complejo-el-medico-de-jorge-rial-brindo-detalles-sobre-la-salud-del-conductor","status":"publish","type":"post","link":"https:\/\/www.todoeldia.com\/index.php\/2023\/04\/30\/tuvo-un-cuadro-complejo-el-medico-de-jorge-rial-brindo-detalles-sobre-la-salud-del-conductor\/","title":{"rendered":"&#8220;Tuvo un cuadro complejo&#8221;: el m\u00e9dico de Jorge Rial brind\u00f3 detalles sobre la salud del conductor"},"content":{"rendered":"\n<p>El periodista est\u00e1 hospitalizado en Unidad de Cuidados Intensivos de la Cl\u00ednica del Country, Colombia.<\/p>\n\n\n\n<p>En las \u00faltimas horas del s\u00e1bado, Jorge Rial tuvo que ser internado de urgencia en Colombia por una dolencia card\u00edaca. Ahora, habl\u00f3 su m\u00e9dico personal y cont\u00f3 que el conductor est\u00e1 &#8220;estable&#8221; en la Unidad de Cuidados Intensivos de la Cl\u00ednica del Country:<\/p>\n\n\n\n<p>\u201cTuvo un cuadro card\u00edaco complejo que se pudo resolver en hemodinamia\u201d.<\/p>\n\n\n\n<p>A su vez, el doctor Guillermo Capuya, agreg\u00f3 en di\u00e1logo con C5N que tiene contacto directo con el m\u00e9dico de terapia intensiva del hospital donde est\u00e1 internado Rial. &#8220;Habl\u00e9 con los m\u00e9dicos mientras estaban haciendo el procedimiento y antes&#8221;, a\u00f1adi\u00f3.<\/p>\n\n\n\n<p>Adem\u00e1s, el especialista explic\u00f3 que &#8220;Jorge se comunic\u00f3&#8221; con \u00e9l &#8220;antes de hacer el procedimiento&#8221; para que est\u00e9 al tanto de todo y, a partir de ese momento, empez\u00f3 a recibir la informaci\u00f3n sobre la salud de su paciente.<\/p>\n\n\n\n<p>&#8220;La informaci\u00f3n que yo les doy es la de alguna manera, por as\u00ed llamarlo, la oficial, directo con la gente de la cl\u00ednica, que es una excelente cl\u00ednica quiero decirlo, porque tambi\u00e9n le\u00ed que estaba en un lugar mal\u00edsimo y nada que ver&#8221;, aclar\u00f3. Tambi\u00e9n dijo que Jorge &#8220;est\u00e1 en el mejor lugar, tiene una cobertura y asistencia y est\u00e1 muy bien tratado&#8221;.<\/p>\n\n\n\n<p>\u00bfQu\u00e9 le pas\u00f3 a Jorge Rial?<\/p>\n\n\n\n<p>El conductor fue hospitalizado este domingo por la madrugada tras sufrir una descompensaci\u00f3n card\u00edaca, mientras estaba de vacaciones en Colombia. Sus hijas Morena y Roc\u00edo viajaron de urgencia hacia dicho pa\u00eds para acompa\u00f1arlo en su recuperaci\u00f3n.<\/p>\n\n\n\n<p>&#8220;Jorge Rial tuvo una descompensaci\u00f3n card\u00edaca en sus vacaciones en Colombia. Est\u00e1n viajando sus hijas de urgencia. Cuadro cr\u00edtico, en un pa\u00eds con un sistema de salud precario&#8221;, informo \u00c1ngel de Brito v\u00eda Twitter.<\/p>\n","protected":false},"excerpt":{"rendered":"<p>El periodista est\u00e1 hospitalizado en Unidad de Cuidados Intensivos de la Cl\u00ednica del Country, Colombia. En las \u00faltimas horas del s\u00e1bado, Jorge Rial tuvo que ser internado de urgencia en Colombia por una dolencia card\u00edaca. Ahora, habl\u00f3 su m\u00e9dico personal y cont\u00f3 que el conductor est\u00e1 &#8220;estable&#8221; en la Unidad de Cuidados Intensivos de la [&hellip;]<\/p>\n","protected":false},"author":2,"featured_media":16595,"comment_status":"open","ping_status":"open","sticky":false,"template":"","format":"standard","meta":{"tdm_status":"","tdm_grid_status":"","_joinchat":[],"footnotes":""},"categories":[120],"tags":[],"class_list":{"0":"post-57201","1":"post","2":"type-post","3":"status-publish","4":"format-standard","5":"has-post-thumbnail","7":"category-espectaculos-2"},"amp_enabled":true,"_links":{"self":[{"href":"https:\/\/www.todoeldia.com\/index.php\/wp-json\/wp\/v2\/posts\/57201","targetHints":{"allow":["GET"]}}],"collection":[{"href":"https:\/\/www.todoeldia.com\/index.php\/wp-json\/wp\/v2\/posts"}],"about":[{"href":"https:\/\/www.todoeldia.com\/index.php\/wp-json\/wp\/v2\/types\/post"}],"author":[{"embeddable":true,"href":"https:\/\/www.todoeldia.com\/index.php\/wp-json\/wp\/v2\/users\/2"}],"replies":[{"embeddable":true,"href":"https:\/\/www.todoeldia.com\/index.php\/wp-json\/wp\/v2\/comments?post=57201"}],"version-history":[{"count":1,"href":"https:\/\/www.todoeldia.com\/index.php\/wp-json\/wp\/v2\/posts\/57201\/revisions"}],"predecessor-version":[{"id":57202,"href":"https:\/\/www.todoeldia.com\/index.php\/wp-json\/wp\/v2\/posts\/57201\/revisions\/57202"}],"wp:featuredmedia":[{"embeddable":true,"href":"https:\/\/www.todoeldia.com\/index.php\/wp-json\/wp\/v2\/media\/16595"}],"wp:attachment":[{"href":"https:\/\/www.todoeldia.com\/index.php\/wp-json\/wp\/v2\/media?parent=57201"}],"wp:term":[{"taxonomy":"category","embeddable":true,"href":"https:\/\/www.todoeldia.com\/index.php\/wp-json\/wp\/v2\/categories?post=57201"},{"taxonomy":"post_tag","embeddable":true,"href":"https:\/\/www.todoeldia.com\/index.php\/wp-json\/wp\/v2\/tags?post=57201"}],"curies":[{"name":"wp","href":"https:\/\/api.w.org\/{rel}","templated":true}]}}