{"id":5777,"date":"2020-09-15T13:16:34","date_gmt":"2020-09-15T16:16:34","guid":{"rendered":"https:\/\/www.todoeldia.com\/?p=5777"},"modified":"2020-09-15T13:16:35","modified_gmt":"2020-09-15T16:16:35","slug":"tres-casos-de-covid-en-el-personal-del-hospital-de-quijano","status":"publish","type":"post","link":"https:\/\/www.todoeldia.com\/index.php\/2020\/09\/15\/tres-casos-de-covid-en-el-personal-del-hospital-de-quijano\/","title":{"rendered":"Tres casos de Covid en el personal del Hospital de Quijano"},"content":{"rendered":"\n<p>Las alarmas se dispararon por la detecci\u00f3n de s\u00edntomas compatibles en uno de los trabajadores del Hospital de Campo Quijano, que finalmente se confirm\u00f3 positivo para COVID-19. Otros dos empleados son asintom\u00e1ticos.<\/p>\n\n\n\n<p>La gerencia del hospital Dr. Francisco Herrera inform\u00f3 que un personal de cocina fue internado con sintomas caracter\u00edsticos de Coronavirus, y que el caso fue confirmado mediante un test r\u00e1pido. Debido a esto, se decidi\u00f3 hacer el test a todo el personal de mantenimiento y dos de ellos tambi\u00e9n dieron positivo, pero asintom\u00e1ticos. Uno de los casos se encuentra aislado en el predio de casa Cura Brochero y otro en su domicilio.<br>Mientra tanto, la persona con s\u00edntomas permanece internada en el hospital con leve dificultad respiratoria y evolucionando favorablemente.<\/p>\n\n\n\n<p>Para evitar demoras y ante el colapso sanitario, los tests r\u00e1pidos fueron abonados por el hospital y se consigui\u00f3 un precio de costo para el resto del personal del nosocomio. Algunos ya se lo realizaron y otros esperan que lleguen m\u00e1s reactivos.<\/p>\n\n\n\n<p><strong>LA LLAVE DEL PORTAL<\/strong><\/p>\n","protected":false},"excerpt":{"rendered":"<p>Las alarmas se dispararon por la detecci\u00f3n de s\u00edntomas compatibles en uno de los trabajadores del Hospital de Campo Quijano, que finalmente se confirm\u00f3 positivo para COVID-19. Otros dos empleados son asintom\u00e1ticos. La gerencia del hospital Dr. Francisco Herrera inform\u00f3 que un personal de cocina fue internado con sintomas caracter\u00edsticos de Coronavirus, y que el [&hellip;]<\/p>\n","protected":false},"author":2,"featured_media":5778,"comment_status":"open","ping_status":"open","sticky":false,"template":"","format":"standard","meta":{"tdm_status":"","tdm_grid_status":"","_joinchat":[],"footnotes":""},"categories":[65],"tags":[],"class_list":{"0":"post-5777","1":"post","2":"type-post","3":"status-publish","4":"format-standard","5":"has-post-thumbnail","7":"category-coronavirus"},"amp_enabled":true,"_links":{"self":[{"href":"https:\/\/www.todoeldia.com\/index.php\/wp-json\/wp\/v2\/posts\/5777","targetHints":{"allow":["GET"]}}],"collection":[{"href":"https:\/\/www.todoeldia.com\/index.php\/wp-json\/wp\/v2\/posts"}],"about":[{"href":"https:\/\/www.todoeldia.com\/index.php\/wp-json\/wp\/v2\/types\/post"}],"author":[{"embeddable":true,"href":"https:\/\/www.todoeldia.com\/index.php\/wp-json\/wp\/v2\/users\/2"}],"replies":[{"embeddable":true,"href":"https:\/\/www.todoeldia.com\/index.php\/wp-json\/wp\/v2\/comments?post=5777"}],"version-history":[{"count":1,"href":"https:\/\/www.todoeldia.com\/index.php\/wp-json\/wp\/v2\/posts\/5777\/revisions"}],"predecessor-version":[{"id":5779,"href":"https:\/\/www.todoeldia.com\/index.php\/wp-json\/wp\/v2\/posts\/5777\/revisions\/5779"}],"wp:featuredmedia":[{"embeddable":true,"href":"https:\/\/www.todoeldia.com\/index.php\/wp-json\/wp\/v2\/media\/5778"}],"wp:attachment":[{"href":"https:\/\/www.todoeldia.com\/index.php\/wp-json\/wp\/v2\/media?parent=5777"}],"wp:term":[{"taxonomy":"category","embeddable":true,"href":"https:\/\/www.todoeldia.com\/index.php\/wp-json\/wp\/v2\/categories?post=5777"},{"taxonomy":"post_tag","embeddable":true,"href":"https:\/\/www.todoeldia.com\/index.php\/wp-json\/wp\/v2\/tags?post=5777"}],"curies":[{"name":"wp","href":"https:\/\/api.w.org\/{rel}","templated":true}]}}