{"id":5788,"date":"2020-09-15T13:16:06","date_gmt":"2020-09-15T16:16:06","guid":{"rendered":"https:\/\/www.todoeldia.com\/?p=5788"},"modified":"2020-09-15T13:16:07","modified_gmt":"2020-09-15T16:16:07","slug":"la-cuesta-de-lipan-en-jujuy-amanecio-cubierta-de-nieve-piden-circular-con-precaucion","status":"publish","type":"post","link":"https:\/\/www.todoeldia.com\/index.php\/2020\/09\/15\/la-cuesta-de-lipan-en-jujuy-amanecio-cubierta-de-nieve-piden-circular-con-precaucion\/","title":{"rendered":"La Cuesta de Lip\u00e1n en Jujuy amaneci\u00f3 cubierta de nieve: piden circular con precauci\u00f3n"},"content":{"rendered":"\n<p>Desde Vialidad Nacional advirtieron a los conductores.<\/p>\n\n\n\n<p>Debido al frente fr\u00edo que ingres\u00f3 a la provincia, algunas localidades del norte se cubrieron de nieve&nbsp;durante la tarde de este lunes. La Cuesta de Lip\u00e1n tambi\u00e9n amaneci\u00f3 cubierta de un manto blanco, y es por eso que Vialidad Nacional solicit\u00f3 circular con precauci\u00f3n en este tramo.<\/p>\n\n\n\n<figure class=\"wp-block-image size-large\"><img loading=\"lazy\" decoding=\"async\" width=\"1024\" height=\"768\" src=\"https:\/\/www.todoeldia.com\/wp-content\/uploads\/2020\/09\/cuesta-de-lipan-1-1024x768.jpg\" alt=\"\" class=\"wp-image-5790\" srcset=\"https:\/\/www.todoeldia.com\/wp-content\/uploads\/2020\/09\/cuesta-de-lipan-1-1024x768.jpg 1024w, https:\/\/www.todoeldia.com\/wp-content\/uploads\/2020\/09\/cuesta-de-lipan-1-300x225.jpg 300w, https:\/\/www.todoeldia.com\/wp-content\/uploads\/2020\/09\/cuesta-de-lipan-1-768x576.jpg 768w, https:\/\/www.todoeldia.com\/wp-content\/uploads\/2020\/09\/cuesta-de-lipan-1-696x522.jpg 696w, https:\/\/www.todoeldia.com\/wp-content\/uploads\/2020\/09\/cuesta-de-lipan-1-1068x801.jpg 1068w, https:\/\/www.todoeldia.com\/wp-content\/uploads\/2020\/09\/cuesta-de-lipan-1-560x420.jpg 560w, https:\/\/www.todoeldia.com\/wp-content\/uploads\/2020\/09\/cuesta-de-lipan-1-80x60.jpg 80w, https:\/\/www.todoeldia.com\/wp-content\/uploads\/2020\/09\/cuesta-de-lipan-1-265x198.jpg 265w, https:\/\/www.todoeldia.com\/wp-content\/uploads\/2020\/09\/cuesta-de-lipan-1.jpg 1280w\" sizes=\"auto, (max-width: 1024px) 100vw, 1024px\" \/><\/figure>\n\n\n\n<p>Espec\u00edficamente se encuentra afectada la Ruta Nacional 52, a partir del kil\u00f3metro 30. Los trabajadores informaron que la calzada a\u00fan se encuentra cubierta&nbsp;por hielo y agua a pesar de que el clima est\u00e1 mejorando.<\/p>\n\n\n\n<figure class=\"wp-block-image size-large\"><img loading=\"lazy\" decoding=\"async\" width=\"1024\" height=\"768\" src=\"https:\/\/www.todoeldia.com\/wp-content\/uploads\/2020\/09\/cuewsta-de-lipan-2-1024x768.jpg\" alt=\"\" class=\"wp-image-5791\" srcset=\"https:\/\/www.todoeldia.com\/wp-content\/uploads\/2020\/09\/cuewsta-de-lipan-2-1024x768.jpg 1024w, https:\/\/www.todoeldia.com\/wp-content\/uploads\/2020\/09\/cuewsta-de-lipan-2-300x225.jpg 300w, https:\/\/www.todoeldia.com\/wp-content\/uploads\/2020\/09\/cuewsta-de-lipan-2-768x576.jpg 768w, https:\/\/www.todoeldia.com\/wp-content\/uploads\/2020\/09\/cuewsta-de-lipan-2-696x522.jpg 696w, https:\/\/www.todoeldia.com\/wp-content\/uploads\/2020\/09\/cuewsta-de-lipan-2-1068x801.jpg 1068w, https:\/\/www.todoeldia.com\/wp-content\/uploads\/2020\/09\/cuewsta-de-lipan-2-560x420.jpg 560w, https:\/\/www.todoeldia.com\/wp-content\/uploads\/2020\/09\/cuewsta-de-lipan-2-80x60.jpg 80w, https:\/\/www.todoeldia.com\/wp-content\/uploads\/2020\/09\/cuewsta-de-lipan-2-265x198.jpg 265w, https:\/\/www.todoeldia.com\/wp-content\/uploads\/2020\/09\/cuewsta-de-lipan-2.jpg 1280w\" sizes=\"auto, (max-width: 1024px) 100vw, 1024px\" \/><\/figure>\n\n\n\n<p>Si bien la ruta no se cort\u00f3 en ning\u00fan momento, se encuentra transitable, pero con mucha precauci\u00f3n, porque la calzada&nbsp;resbaladiza.<\/p>\n","protected":false},"excerpt":{"rendered":"<p>Desde Vialidad Nacional advirtieron a los conductores. Debido al frente fr\u00edo que ingres\u00f3 a la provincia, algunas localidades del norte se cubrieron de nieve&nbsp;durante la tarde de este lunes. La Cuesta de Lip\u00e1n tambi\u00e9n amaneci\u00f3 cubierta de un manto blanco, y es por eso que Vialidad Nacional solicit\u00f3 circular con precauci\u00f3n en este tramo. Espec\u00edficamente [&hellip;]<\/p>\n","protected":false},"author":2,"featured_media":5789,"comment_status":"open","ping_status":"open","sticky":false,"template":"","format":"standard","meta":{"tdm_status":"","tdm_grid_status":"","_joinchat":[],"footnotes":""},"categories":[73],"tags":[],"class_list":{"0":"post-5788","1":"post","2":"type-post","3":"status-publish","4":"format-standard","5":"has-post-thumbnail","7":"category-noticias-general"},"amp_enabled":true,"_links":{"self":[{"href":"https:\/\/www.todoeldia.com\/index.php\/wp-json\/wp\/v2\/posts\/5788","targetHints":{"allow":["GET"]}}],"collection":[{"href":"https:\/\/www.todoeldia.com\/index.php\/wp-json\/wp\/v2\/posts"}],"about":[{"href":"https:\/\/www.todoeldia.com\/index.php\/wp-json\/wp\/v2\/types\/post"}],"author":[{"embeddable":true,"href":"https:\/\/www.todoeldia.com\/index.php\/wp-json\/wp\/v2\/users\/2"}],"replies":[{"embeddable":true,"href":"https:\/\/www.todoeldia.com\/index.php\/wp-json\/wp\/v2\/comments?post=5788"}],"version-history":[{"count":2,"href":"https:\/\/www.todoeldia.com\/index.php\/wp-json\/wp\/v2\/posts\/5788\/revisions"}],"predecessor-version":[{"id":5793,"href":"https:\/\/www.todoeldia.com\/index.php\/wp-json\/wp\/v2\/posts\/5788\/revisions\/5793"}],"wp:featuredmedia":[{"embeddable":true,"href":"https:\/\/www.todoeldia.com\/index.php\/wp-json\/wp\/v2\/media\/5789"}],"wp:attachment":[{"href":"https:\/\/www.todoeldia.com\/index.php\/wp-json\/wp\/v2\/media?parent=5788"}],"wp:term":[{"taxonomy":"category","embeddable":true,"href":"https:\/\/www.todoeldia.com\/index.php\/wp-json\/wp\/v2\/categories?post=5788"},{"taxonomy":"post_tag","embeddable":true,"href":"https:\/\/www.todoeldia.com\/index.php\/wp-json\/wp\/v2\/tags?post=5788"}],"curies":[{"name":"wp","href":"https:\/\/api.w.org\/{rel}","templated":true}]}}