{"id":5803,"date":"2020-09-15T20:28:12","date_gmt":"2020-09-15T23:28:12","guid":{"rendered":"https:\/\/www.todoeldia.com\/?p=5803"},"modified":"2020-09-15T20:58:23","modified_gmt":"2020-09-15T23:58:23","slug":"salta-otros-261-contagios-y-cuatro-fallecidos","status":"publish","type":"post","link":"https:\/\/www.todoeldia.com\/index.php\/2020\/09\/15\/salta-otros-261-contagios-y-cuatro-fallecidos\/","title":{"rendered":"Salta otros 261 contagios y cuatro fallecidos"},"content":{"rendered":"\n<p>&nbsp;<br>La Direcci\u00f3n General de Coordinaci\u00f3n de Epidemiolog\u00eda del Ministerio de Salud P\u00fablica inform\u00f3 que hoy se notifican 261 casos nuevos. Se activaron 14 protocolos, con 14 muestras en estudio.<\/p>\n\n\n\n<p>La Capital sigue en forma sostenida con los casos, hoy hubo 161 contagios, 41 en Oran y 13 en San Mart\u00edn.<\/p>\n\n\n\n<p>Desde el inicio de la pandemia, en la Provincia suman 7180 los casos confirmados, de los cuales ya se han recuperado 4440, lo que representa el 62%. Hay 99 pacientes internados en unidades de terapia intensiva, 67 con asistencia respiratoria mec\u00e1nica.<\/p>\n\n\n\n<p>A la fecha, los decesos suman 98. <\/p>\n\n\n\n<p>El nuevo informe especifica Departamentos y municipios.<\/p>\n\n\n\n<figure class=\"wp-block-image size-large\"><img loading=\"lazy\" decoding=\"async\" width=\"481\" height=\"860\" src=\"https:\/\/www.todoeldia.com\/wp-content\/uploads\/2020\/09\/image-5.png\" alt=\"\" class=\"wp-image-5804\" srcset=\"https:\/\/www.todoeldia.com\/wp-content\/uploads\/2020\/09\/image-5.png 481w, https:\/\/www.todoeldia.com\/wp-content\/uploads\/2020\/09\/image-5-168x300.png 168w, https:\/\/www.todoeldia.com\/wp-content\/uploads\/2020\/09\/image-5-300x536.png 300w, https:\/\/www.todoeldia.com\/wp-content\/uploads\/2020\/09\/image-5-235x420.png 235w\" sizes=\"auto, (max-width: 481px) 100vw, 481px\" \/><\/figure>\n\n\n\n<figure class=\"wp-block-image\"><img decoding=\"async\" src=\"http:\/\/www.salta.gov.ar\/images\/uploads\/userfiles\/image\/image(1).png\" alt=\"\"\/><figcaption><img decoding=\"async\" src=\"http:\/\/www.salta.gov.ar\/images\/uploads\/userfiles\/image\/1600211327950_image.png\"><\/figcaption><\/figure>\n\n\n\n<figure class=\"wp-block-image\"><img decoding=\"async\" src=\"http:\/\/www.salta.gov.ar\/images\/uploads\/userfiles\/image\/06.jpeg\" alt=\"\"\/><\/figure>\n\n\n\n<figure class=\"wp-block-image\"><img decoding=\"async\" src=\"http:\/\/www.salta.gov.ar\/images\/uploads\/userfiles\/image\/1600211407413_image.png\" alt=\"\"\/><\/figure>\n\n\n\n<figure class=\"wp-block-image\"><img decoding=\"async\" src=\"http:\/\/www.salta.gov.ar\/images\/uploads\/userfiles\/image\/08.jpeg\" alt=\"\"\/><\/figure>\n\n\n\n<p><\/p>\n","protected":false},"excerpt":{"rendered":"<p>&nbsp;La Direcci\u00f3n General de Coordinaci\u00f3n de Epidemiolog\u00eda del Ministerio de Salud P\u00fablica inform\u00f3 que hoy se notifican 261 casos nuevos. Se activaron 14 protocolos, con 14 muestras en estudio. La Capital sigue en forma sostenida con los casos, hoy hubo 161 contagios, 41 en Oran y 13 en San Mart\u00edn. Desde el inicio de la [&hellip;]<\/p>\n","protected":false},"author":2,"featured_media":5806,"comment_status":"open","ping_status":"open","sticky":false,"template":"","format":"standard","meta":{"tdm_status":"","tdm_grid_status":"","_joinchat":[],"footnotes":""},"categories":[65,1],"tags":[],"class_list":{"0":"post-5803","1":"post","2":"type-post","3":"status-publish","4":"format-standard","5":"has-post-thumbnail","7":"category-coronavirus","8":"category-sin-categoria"},"amp_enabled":true,"_links":{"self":[{"href":"https:\/\/www.todoeldia.com\/index.php\/wp-json\/wp\/v2\/posts\/5803","targetHints":{"allow":["GET"]}}],"collection":[{"href":"https:\/\/www.todoeldia.com\/index.php\/wp-json\/wp\/v2\/posts"}],"about":[{"href":"https:\/\/www.todoeldia.com\/index.php\/wp-json\/wp\/v2\/types\/post"}],"author":[{"embeddable":true,"href":"https:\/\/www.todoeldia.com\/index.php\/wp-json\/wp\/v2\/users\/2"}],"replies":[{"embeddable":true,"href":"https:\/\/www.todoeldia.com\/index.php\/wp-json\/wp\/v2\/comments?post=5803"}],"version-history":[{"count":3,"href":"https:\/\/www.todoeldia.com\/index.php\/wp-json\/wp\/v2\/posts\/5803\/revisions"}],"predecessor-version":[{"id":5816,"href":"https:\/\/www.todoeldia.com\/index.php\/wp-json\/wp\/v2\/posts\/5803\/revisions\/5816"}],"wp:featuredmedia":[{"embeddable":true,"href":"https:\/\/www.todoeldia.com\/index.php\/wp-json\/wp\/v2\/media\/5806"}],"wp:attachment":[{"href":"https:\/\/www.todoeldia.com\/index.php\/wp-json\/wp\/v2\/media?parent=5803"}],"wp:term":[{"taxonomy":"category","embeddable":true,"href":"https:\/\/www.todoeldia.com\/index.php\/wp-json\/wp\/v2\/categories?post=5803"},{"taxonomy":"post_tag","embeddable":true,"href":"https:\/\/www.todoeldia.com\/index.php\/wp-json\/wp\/v2\/tags?post=5803"}],"curies":[{"name":"wp","href":"https:\/\/api.w.org\/{rel}","templated":true}]}}