{"id":58047,"date":"2023-05-19T17:49:27","date_gmt":"2023-05-19T20:49:27","guid":{"rendered":"https:\/\/www.todoeldia.com\/?p=58047"},"modified":"2023-05-19T17:49:29","modified_gmt":"2023-05-19T20:49:29","slug":"20-allanamiento-y-12-detenidos-por-causas-de-robos-en-capital-y-el-interior","status":"publish","type":"post","link":"https:\/\/www.todoeldia.com\/index.php\/2023\/05\/19\/20-allanamiento-y-12-detenidos-por-causas-de-robos-en-capital-y-el-interior\/","title":{"rendered":"20 allanamiento y 12 detenidos por causas de robos en Capital y el interior"},"content":{"rendered":"\n<p>Esta ma\u00f1ana, la Polic\u00eda a trav\u00e9s de la Direcci\u00f3n General de Investigaciones llev\u00f3 a cabo 20 allanamientos en simult\u00e1neo en viviendas de \u00e1rea capital, Campo Quijano y Or\u00e1n, en torno a delitos contra la propiedad bajo la modalidad arrebatadores, violentadores y motochorros. Tambi\u00e9n se esclareci\u00f3 un hecho por lesiones con arma de fuego que involucra a simpatizantes de un equipo de f\u00fatbol local.<\/p>\n\n\n\n<p>Con m\u00e1s de 140 efectivos de \u00e1reas investigativas y unidades especiales esta ma\u00f1ana se dio cumplimiento a las \u00f3rdenes impartidas por los diferentes Juzgados de Garant\u00edas. Como resultado de los operativos 12 personas quedaron a disposici\u00f3n de la justicia y hubo importantes secuestros.<\/p>\n\n\n\n<p>Luego de haberse registrado denuncias por delitos contra la propiedad ocurridos en diferentes barrios de la ciudad, bajo la modalidad de arrebatadores, violentadores y motochorros, los efectivos pusieron en pr\u00e1ctica las investigaciones permitieron establecer las identidades de las personas involucradas.<\/p>\n\n\n\n<figure class=\"wp-block-image size-full\"><img loading=\"lazy\" decoding=\"async\" width=\"1024\" height=\"682\" src=\"https:\/\/www.todoeldia.com\/wp-content\/uploads\/2023\/05\/image-104.png\" alt=\"\" class=\"wp-image-58049\" srcset=\"https:\/\/www.todoeldia.com\/wp-content\/uploads\/2023\/05\/image-104.png 1024w, https:\/\/www.todoeldia.com\/wp-content\/uploads\/2023\/05\/image-104-300x200.png 300w, https:\/\/www.todoeldia.com\/wp-content\/uploads\/2023\/05\/image-104-768x512.png 768w, https:\/\/www.todoeldia.com\/wp-content\/uploads\/2023\/05\/image-104-696x464.png 696w, https:\/\/www.todoeldia.com\/wp-content\/uploads\/2023\/05\/image-104-631x420.png 631w\" sizes=\"auto, (max-width: 1024px) 100vw, 1024px\" \/><\/figure>\n\n\n\n<p>As\u00ed, en la ma\u00f1ana de hoy se concretaron allanamientos en viviendas de barrio Atocha, Palermo, Santa Cecilia, Finca Independencia, Sanidad, entre otros. Se logr\u00f3 la detenci\u00f3n de 7 personas y el secuestro de herramientas varias, cables, garrafas, armas blancas, prendas de vestir y una motocicleta que habr\u00eda sido utilizada para cometer los il\u00edcitos.<\/p>\n\n\n\n<p>En Campo Quijano secuestraron diversos elementos de montura por delitos contra la propiedad bajo modalidad violentadores de vivienda.<\/p>\n\n\n\n<figure class=\"wp-block-image size-full is-resized\"><img loading=\"lazy\" decoding=\"async\" src=\"https:\/\/www.todoeldia.com\/wp-content\/uploads\/2023\/05\/image-105.png\" alt=\"\" class=\"wp-image-58050\" width=\"913\" height=\"641\"\/><\/figure>\n\n\n\n<p>Asimismo, la Brigada de Investigaciones N.\u00ba 2 de Or\u00e1n, concret\u00f3 4 allanamientos y puso a disposici\u00f3n de la justicia a una persona vinculada al robo de transformadores el\u00e9ctricos pertenecientes a una empresa distribuidora de electricidad, maniobras que utilizaba el sospechoso para poder extraer el cobre de tales artefactos y finalmente comercializarlo.<\/p>\n\n\n\n<p>Por otro lado, se destaca la minuciosa tarea realizada por la Divisi\u00f3n Eventos Deportivos y Sociales para esclarecer una causa por lesiones con arma de fuego suscitada el pasado 20 de abril en avenida Entre R\u00edos y Jun\u00edn, hecho que involucra a simpatizantes de un equipo de f\u00fatbol local. En tal sentido cuatro fueron las personas detenidas.<\/p>\n","protected":false},"excerpt":{"rendered":"<p>Esta ma\u00f1ana, la Polic\u00eda a trav\u00e9s de la Direcci\u00f3n General de Investigaciones llev\u00f3 a cabo 20 allanamientos en simult\u00e1neo en viviendas de \u00e1rea capital, Campo Quijano y Or\u00e1n, en torno a delitos contra la propiedad bajo la modalidad arrebatadores, violentadores y motochorros. Tambi\u00e9n se esclareci\u00f3 un hecho por lesiones con arma de fuego que involucra [&hellip;]<\/p>\n","protected":false},"author":2,"featured_media":58048,"comment_status":"open","ping_status":"open","sticky":false,"template":"","format":"standard","meta":{"tdm_status":"","tdm_grid_status":"","_joinchat":[],"footnotes":""},"categories":[63],"tags":[],"class_list":{"0":"post-58047","1":"post","2":"type-post","3":"status-publish","4":"format-standard","5":"has-post-thumbnail","7":"category-policiales"},"amp_enabled":true,"_links":{"self":[{"href":"https:\/\/www.todoeldia.com\/index.php\/wp-json\/wp\/v2\/posts\/58047","targetHints":{"allow":["GET"]}}],"collection":[{"href":"https:\/\/www.todoeldia.com\/index.php\/wp-json\/wp\/v2\/posts"}],"about":[{"href":"https:\/\/www.todoeldia.com\/index.php\/wp-json\/wp\/v2\/types\/post"}],"author":[{"embeddable":true,"href":"https:\/\/www.todoeldia.com\/index.php\/wp-json\/wp\/v2\/users\/2"}],"replies":[{"embeddable":true,"href":"https:\/\/www.todoeldia.com\/index.php\/wp-json\/wp\/v2\/comments?post=58047"}],"version-history":[{"count":1,"href":"https:\/\/www.todoeldia.com\/index.php\/wp-json\/wp\/v2\/posts\/58047\/revisions"}],"predecessor-version":[{"id":58051,"href":"https:\/\/www.todoeldia.com\/index.php\/wp-json\/wp\/v2\/posts\/58047\/revisions\/58051"}],"wp:featuredmedia":[{"embeddable":true,"href":"https:\/\/www.todoeldia.com\/index.php\/wp-json\/wp\/v2\/media\/58048"}],"wp:attachment":[{"href":"https:\/\/www.todoeldia.com\/index.php\/wp-json\/wp\/v2\/media?parent=58047"}],"wp:term":[{"taxonomy":"category","embeddable":true,"href":"https:\/\/www.todoeldia.com\/index.php\/wp-json\/wp\/v2\/categories?post=58047"},{"taxonomy":"post_tag","embeddable":true,"href":"https:\/\/www.todoeldia.com\/index.php\/wp-json\/wp\/v2\/tags?post=58047"}],"curies":[{"name":"wp","href":"https:\/\/api.w.org\/{rel}","templated":true}]}}