{"id":58064,"date":"2023-05-20T17:54:11","date_gmt":"2023-05-20T20:54:11","guid":{"rendered":"https:\/\/www.todoeldia.com\/?p=58064"},"modified":"2023-05-20T17:54:14","modified_gmt":"2023-05-20T20:54:14","slug":"ampliaron-la-denuncia-contra-carlos-folloni-por-malversacion-de-caudales-publicos","status":"publish","type":"post","link":"https:\/\/www.todoeldia.com\/index.php\/2023\/05\/20\/ampliaron-la-denuncia-contra-carlos-folloni-por-malversacion-de-caudales-publicos\/","title":{"rendered":"Ampliaron la denuncia contra Carlos Folloni por malversaci\u00f3n de caudales p\u00fablicos"},"content":{"rendered":"\n<p>El concejal, Ariel Gallardo, se present\u00f3 ante la fiscal\u00eda de Rosario de Lerma donde realiz\u00f3 una ampliaci\u00f3n de denuncia contra el mandatario municipal Carlos Folloni, ante una afirmaci\u00f3n p\u00fablica del diputado Lino Yonar que sostuvo tener datos que aportan a la causa.<\/p>\n\n\n\n<p>La primera denuncia contra Folloni ingres\u00f3 en julio del 2022 tambi\u00e9n por parte de Gallardo, en la que se acusaba al mandatario municipal de malversaci\u00f3n de fondos p\u00fablicos, en principal por el caso de la Escuela 4474 de Las Cuevas, de \u00e1mbito rural.<\/p>\n\n\n\n<p>Seg\u00fan denuncia Gallardo en sus presentaciones, tras la pandemia en el a\u00f1o 2021 la Municipalidad de Quijano recibi\u00f3 por parte del Gobierno Provincial una partida espec\u00edfica para la refacci\u00f3n y mantenimiento de escuelas rurales.<\/p>\n\n\n\n<p>Esto fue en el marco de una l\u00ednea de financiamiento para el reacondicionamiento de las escuelas que anunciaron conjuntamente los ministros Mat\u00edas Canepa (Educaci\u00f3n), Roberto Dib Ashur (Econom\u00eda) y Sergio Camacho (Infraestructura), por m\u00e1s de $3.000 millones de pesos, partida que se duplic\u00f3 seg\u00fan advirti\u00f3 el ministro de Educaci\u00f3n a este medio.<\/p>\n\n\n\n<p>Las acciones preve\u00edan que en el caso de obras que no sean de gran porte, los fondos ser\u00edan trasladados a las municipalidades para que sean los intendentes quienes las ejecuten, y as\u00ed la respuesta a los pedidos de los directivos de las escuelas llegue de manera m\u00e1s r\u00e1pida.<\/p>\n\n\n\n<p>En la denuncia presentada por el concejal, se adjunta que seg\u00fan declaraciones de la directora de la instituci\u00f3n, se le comunic\u00f3 desde la cartera ministerial que se hab\u00eda previsto el dep\u00f3sito de $3 millones a la comuna para la reparaci\u00f3n de sanitarios y la ejecuci\u00f3n de obras de red de agua.<\/p>\n\n\n\n<p>Estas obras nunca se ejecutaron aunque seg\u00fan detalla Gallardo, en la ejecuci\u00f3n presupuestaria del 2021 presentada por el intendente al Concejo Deliberante, se observ\u00f3 que el ejecutivo declar\u00f3 que se ejecutaron los fondos para refacci\u00f3n de sanitarios de escuelas en un 90%, aunque nunca se contestaron pedidos de informe sobre los certificados de obra, el detalle de las escuelas reparadas y los fondos que se destinaron.<\/p>\n\n\n\n<p>Ahora el intendente electo Lino Yonar en manifestaciones p\u00fablicas en una entrevista en el canal Norte Visi\u00f3n, admiti\u00f3 contar con informaci\u00f3n de la Secretar\u00eda de Obras P\u00fablicas de la Provincia donde se certificar\u00eda que el municipio recibi\u00f3 el dinero para las refacciones de la escuela y que estos nunca se ejecutaron.<\/p>\n\n\n\n<p>En la ampliaci\u00f3n de la denuncia, Gallardo pide al fiscal penal de Rosario de Lerma, Federcio Jovanovics que cite tanto a Yonar como a la directora de la instituci\u00f3n para que presten declaraci\u00f3n y presenten la informaci\u00f3n que dicen tener sobre la causa.<\/p>\n\n\n\n<p>Tambi\u00e9n se solicita que se libren oficios al Ministerio de Econom\u00eda y al de Infraestructura para que brinden informaci\u00f3n sobre la obra.<\/p>\n\n\n\n<p>Folloni en di\u00e1logo con Nuevo Diario al momento de recibir la denuncia reconoci\u00f3 que el Ministerio de Educaci\u00f3n le hab\u00eda transferido fondos por $500.000 y que solo le quedaban ejecutar obras en 2 de las 19 escuelas que tiene la localidad de Campo Quijano.<\/p>\n","protected":false},"excerpt":{"rendered":"<p>El concejal, Ariel Gallardo, se present\u00f3 ante la fiscal\u00eda de Rosario de Lerma donde realiz\u00f3 una ampliaci\u00f3n de denuncia contra el mandatario municipal Carlos Folloni, ante una afirmaci\u00f3n p\u00fablica del diputado Lino Yonar que sostuvo tener datos que aportan a la causa. La primera denuncia contra Folloni ingres\u00f3 en julio del 2022 tambi\u00e9n por parte [&hellip;]<\/p>\n","protected":false},"author":2,"featured_media":22871,"comment_status":"open","ping_status":"open","sticky":false,"template":"","format":"standard","meta":{"tdm_status":"","tdm_grid_status":"","_joinchat":[],"footnotes":""},"categories":[59],"tags":[],"class_list":{"0":"post-58064","1":"post","2":"type-post","3":"status-publish","4":"format-standard","5":"has-post-thumbnail","7":"category-politica"},"amp_enabled":true,"_links":{"self":[{"href":"https:\/\/www.todoeldia.com\/index.php\/wp-json\/wp\/v2\/posts\/58064","targetHints":{"allow":["GET"]}}],"collection":[{"href":"https:\/\/www.todoeldia.com\/index.php\/wp-json\/wp\/v2\/posts"}],"about":[{"href":"https:\/\/www.todoeldia.com\/index.php\/wp-json\/wp\/v2\/types\/post"}],"author":[{"embeddable":true,"href":"https:\/\/www.todoeldia.com\/index.php\/wp-json\/wp\/v2\/users\/2"}],"replies":[{"embeddable":true,"href":"https:\/\/www.todoeldia.com\/index.php\/wp-json\/wp\/v2\/comments?post=58064"}],"version-history":[{"count":1,"href":"https:\/\/www.todoeldia.com\/index.php\/wp-json\/wp\/v2\/posts\/58064\/revisions"}],"predecessor-version":[{"id":58065,"href":"https:\/\/www.todoeldia.com\/index.php\/wp-json\/wp\/v2\/posts\/58064\/revisions\/58065"}],"wp:featuredmedia":[{"embeddable":true,"href":"https:\/\/www.todoeldia.com\/index.php\/wp-json\/wp\/v2\/media\/22871"}],"wp:attachment":[{"href":"https:\/\/www.todoeldia.com\/index.php\/wp-json\/wp\/v2\/media?parent=58064"}],"wp:term":[{"taxonomy":"category","embeddable":true,"href":"https:\/\/www.todoeldia.com\/index.php\/wp-json\/wp\/v2\/categories?post=58064"},{"taxonomy":"post_tag","embeddable":true,"href":"https:\/\/www.todoeldia.com\/index.php\/wp-json\/wp\/v2\/tags?post=58064"}],"curies":[{"name":"wp","href":"https:\/\/api.w.org\/{rel}","templated":true}]}}