{"id":5807,"date":"2020-09-15T20:43:30","date_gmt":"2020-09-15T23:43:30","guid":{"rendered":"https:\/\/www.todoeldia.com\/?p=5807"},"modified":"2020-09-15T20:43:31","modified_gmt":"2020-09-15T23:43:31","slug":"las-medidas-que-rigen-hasta-el-domingo-20","status":"publish","type":"post","link":"https:\/\/www.todoeldia.com\/index.php\/2020\/09\/15\/las-medidas-que-rigen-hasta-el-domingo-20\/","title":{"rendered":"Las medidas que rigen hasta el domingo 20"},"content":{"rendered":"\n<p>Se mantiene en toda la provincia la limitaci\u00f3n para circular entre municipios, excepto esenciales, y la prohibici\u00f3n de circulaci\u00f3n entre las 00 a 06 hs. La gastronom\u00eda atender\u00e1 hasta las 00 hs. por DNI o grupo familiar primario. Solo en espacios: abiertos y ventilados; y veredas.<\/p>\n\n\n\n<p>&nbsp;El ministro de Gobierno, Derechos Humanos, Trabajo y Justicia,&nbsp;<strong>Ricardo Villada<\/strong>&nbsp;junto al ministro de Salud,<strong>&nbsp;Juan Jos\u00e9 Esteban<\/strong>&nbsp;y el director del COE,&nbsp;<strong>Francisco Aguilar<\/strong>, brindaron una conferencia de prensa a fin de dar a conocer la situaci\u00f3n epidemiol\u00f3gica de la Provincia y las nuevas medidas adoptadas.<\/p>\n\n\n\n<p>El titular de la cartera de Gobierno expres\u00f3 que \u201ces la hora de los m\u00e9dicos, es la hora de acompa\u00f1arlos, y en ese marco quiero destacar la responsabilidad de los salte\u00f1os. Hemos tomado medidas en la Capital que han logrado una importante disminuci\u00f3n en la circulaci\u00f3n de las personas\u201d.<\/p>\n\n\n\n<p>Al respecto dijo que \u201ctenemos mecanismos tecnol\u00f3gicos que miden la circulaci\u00f3n de las personas y hemos logrado, en la \u00faltima semana, valores equivalentes a la primera semana de mayo. No solamente los d\u00edas domingos, en donde est\u00e1 restringida la gastronom\u00eda y los comercios, sino tambi\u00e9n a partir del mi\u00e9rcoles se vio una importante disminuci\u00f3n de la actividad, situaci\u00f3n que se refleja en las calles\u201d.<\/p>\n\n\n\n<p>\u201cVivir el Milagro en casa es una realidad, y es fruto del esfuerzo de todos, y en ese marco debemos seguir tomando medidas a trav\u00e9s de un nuevo COE, con la direcci\u00f3n del doctor Aguilar y la participaci\u00f3n de senadores, miembros del Poder Judicial y del ministerio P\u00fablico, como as\u00ed tambi\u00e9n, del Consejo Econ\u00f3mico y Social\u201d.<\/p>\n\n\n\n<p><strong>Nuevas medidas del 16 al 20:<\/strong><\/p>\n\n\n\n<p>Aplican para los departamentos Capital, General G\u00fcemes, La Caldera, Cerrillos, Chicoana, Rosario de Lerma y La Vi\u00f1a.<\/p>\n\n\n\n<p>Los dem\u00e1s departamentos contin\u00faan como ven\u00edan hasta el domingo 20.<\/p>\n\n\n\n<p>La gastronom\u00eda atender\u00e1 hasta las 00 hs. por DNI o grupo familiar primario. Solo en espacios: abiertos y ventilados; y veredas.<\/p>\n\n\n\n<p>Locales y centros comerciales atender\u00e1n hasta las 20 hs. por DNI.<\/p>\n\n\n\n<p>Es obligatorio colocar en el ingreso un cartel indicando la cantidad m\u00e1xima de personas que pueden permanecer all\u00ed.<\/p>\n\n\n\n<p>Tienen prioridad de atenci\u00f3n: embarazadas, personas con discapacidad o movilidad reducida, adultos mayores y personas con ni\u00f1os en brazos.<\/p>\n\n\n\n<p>Se suspenden actividades en gimnasios, clubes para actividades grupales; celebraciones religiosas, actividades culturales y art\u00edsticas; ferias, y pesca.<\/p>\n\n\n\n<p>Los deportes individuales contin\u00faan autorizados.<\/p>\n\n\n\n<p>Se mantiene en toda la&nbsp; provincia la limitaci\u00f3n para circular entre municipios, excepto esenciales,&nbsp; y la prohibici\u00f3n de circulaci\u00f3n entre las 00 a 06 hs. No est\u00e1 permitida la permanencia en parques y plazas.<\/p>\n\n\n\n<p>El domingo 20 de septiembre se suspende, en los departamentos abarcados por esta resoluci\u00f3n, la atenci\u00f3n en gastronom\u00eda; centros comerciales, supermercados y comercios en general.&nbsp;Excepto en comercios de cercan\u00eda y de actividades y servicios esenciales.<\/p>\n\n\n\n<p>La Administraci\u00f3n P\u00fablica continua con guardias m\u00ednimas de atenci\u00f3n<\/p>\n\n\n\n<p>Siguen suspendidas las reuniones familiares y sociales<\/p>\n","protected":false},"excerpt":{"rendered":"<p>Se mantiene en toda la provincia la limitaci\u00f3n para circular entre municipios, excepto esenciales, y la prohibici\u00f3n de circulaci\u00f3n entre las 00 a 06 hs. La gastronom\u00eda atender\u00e1 hasta las 00 hs. por DNI o grupo familiar primario. Solo en espacios: abiertos y ventilados; y veredas. &nbsp;El ministro de Gobierno, Derechos Humanos, Trabajo y Justicia,&nbsp;Ricardo [&hellip;]<\/p>\n","protected":false},"author":2,"featured_media":5808,"comment_status":"open","ping_status":"open","sticky":false,"template":"","format":"standard","meta":{"tdm_status":"","tdm_grid_status":"","_joinchat":[],"footnotes":""},"categories":[73],"tags":[],"class_list":{"0":"post-5807","1":"post","2":"type-post","3":"status-publish","4":"format-standard","5":"has-post-thumbnail","7":"category-noticias-general"},"amp_enabled":true,"_links":{"self":[{"href":"https:\/\/www.todoeldia.com\/index.php\/wp-json\/wp\/v2\/posts\/5807","targetHints":{"allow":["GET"]}}],"collection":[{"href":"https:\/\/www.todoeldia.com\/index.php\/wp-json\/wp\/v2\/posts"}],"about":[{"href":"https:\/\/www.todoeldia.com\/index.php\/wp-json\/wp\/v2\/types\/post"}],"author":[{"embeddable":true,"href":"https:\/\/www.todoeldia.com\/index.php\/wp-json\/wp\/v2\/users\/2"}],"replies":[{"embeddable":true,"href":"https:\/\/www.todoeldia.com\/index.php\/wp-json\/wp\/v2\/comments?post=5807"}],"version-history":[{"count":1,"href":"https:\/\/www.todoeldia.com\/index.php\/wp-json\/wp\/v2\/posts\/5807\/revisions"}],"predecessor-version":[{"id":5809,"href":"https:\/\/www.todoeldia.com\/index.php\/wp-json\/wp\/v2\/posts\/5807\/revisions\/5809"}],"wp:featuredmedia":[{"embeddable":true,"href":"https:\/\/www.todoeldia.com\/index.php\/wp-json\/wp\/v2\/media\/5808"}],"wp:attachment":[{"href":"https:\/\/www.todoeldia.com\/index.php\/wp-json\/wp\/v2\/media?parent=5807"}],"wp:term":[{"taxonomy":"category","embeddable":true,"href":"https:\/\/www.todoeldia.com\/index.php\/wp-json\/wp\/v2\/categories?post=5807"},{"taxonomy":"post_tag","embeddable":true,"href":"https:\/\/www.todoeldia.com\/index.php\/wp-json\/wp\/v2\/tags?post=5807"}],"curies":[{"name":"wp","href":"https:\/\/api.w.org\/{rel}","templated":true}]}}