{"id":5810,"date":"2020-09-15T20:46:22","date_gmt":"2020-09-15T23:46:22","guid":{"rendered":"https:\/\/www.todoeldia.com\/?p=5810"},"modified":"2020-09-15T20:46:23","modified_gmt":"2020-09-15T23:46:23","slug":"preocupa-a-las-autoridades-sanitarias-que-los-contagios-se-multiplican-rapidamente-en-salta","status":"publish","type":"post","link":"https:\/\/www.todoeldia.com\/index.php\/2020\/09\/15\/preocupa-a-las-autoridades-sanitarias-que-los-contagios-se-multiplican-rapidamente-en-salta\/","title":{"rendered":"Preocupa a las autoridades sanitarias que los contagios se multiplican r\u00e1pidamente en Salta"},"content":{"rendered":"\n<p><a href=\"http:\/\/www.salta.gov.ar\/prensa\/noticias\/el-acompaniamiento-social-es-la-premisa-fundamental-expreso-el-ministro-de-salud\/72186\">El Ministro de Salud<\/a> p\u00fablica, Juan Jos\u00e9 Esteban afirmo hoy que \u201cla curva de casos contin\u00faa en aumento y depende de la poblaci\u00f3n que disminuya, es la peor crisis sanitaria que haya tenido la provincia en toda su historia, los casos se multiplicaron muy r\u00e1pidamente y esto hizo que se ingrese a una situaci\u00f3n compleja y al l\u00edmite\u201d<\/p>\n\n\n\n<p>Junto al ministro de Gobierno, Ricardo Villada y el presidente del COE, Francisco Aguilar, informaron sobre la situaci\u00f3n que atraviesa Salta ante el aumento de casos de coronavirus registrados en las \u00faltimas semanas.&nbsp;<\/p>\n\n\n\n<p>Esteban pidi\u00f3 a los salte\u00f1os acompa\u00f1amiento a las directivas de gesti\u00f3n, cuidado y aislamiento social. \u201cEl acompa\u00f1amiento social es la premisa fundamental\u201d, asegur\u00f3.<\/p>\n\n\n\n<p>Por otro lado, adelant\u00f3 que la Provincia hizo una compra de 16.000 reactivos de PCR con una inversi\u00f3n de $12 millones y que pr\u00f3ximamente recibir\u00e1 de Naci\u00f3n 10.000 reactivos m\u00e1s.<\/p>\n\n\n\n<p>&nbsp;\u201cLa cantidad y la letalidad del coronavirus en nuestra provincia nos est\u00e1 poniendo en una situaci\u00f3n muy compleja, lamentablemente muchos salte\u00f1os no han entendido este mensaje y terminamos con la circulaci\u00f3n viral comunitaria\u201d, expres\u00f3 el Ministro de Salud. Adem\u00e1s, destac\u00f3 que es le preocupa el incremento de casos en toda la provincia porque el sistema sanitario est\u00e1 al borde del colapso.<\/p>\n\n\n\n<p>\u201cEn este momento tenemos un sistema de salud colapsado, complicado, y estamos trabajando para incorporar los recursos humanos y de camas. Hicimos un relevamiento en la zona norte que es la m\u00e1s castigada por la pandemia. Los tiempos cambiaron por lo que es necesario actuar con celeridad y debemos ser concretos y precisos en nuestro diagn\u00f3stico\u201d, agreg\u00f3 el referente de la cartera sanitaria.<\/p>\n\n\n\n<p>Asimismo, el funcionario hizo referencia a&nbsp;la saturaci\u00f3n del hospital Papa Francisco: \u201cLa ocupaci\u00f3n est\u00e1 al l\u00edmite en su terapia intensiva. Ahora necesitamos de forma inmediata de recursos humanos, de recursos sanitarios y los vamos a conseguir. De nada sirve tener ox\u00edgeno, camas, sino tenemos los m\u00e9dicos y los enfermeros\u201d, se\u00f1al\u00f3 al explicar que est\u00e1n trabajando contra reloj para reforzar el sistema sanitario de toda la Provincia.&nbsp;<\/p>\n\n\n\n<p>Finalmente, el ministro se dirigi\u00f3 a los salte\u00f1os inst\u00e1ndolos a cumplir con el aislamiento. \u201cEl aislamiento es importante, es un eslogan que no han entendido los salte\u00f1os y que nos ha llevado a tener circulaci\u00f3n viral\u201d, concluy\u00f3<\/p>\n","protected":false},"excerpt":{"rendered":"<p>El Ministro de Salud p\u00fablica, Juan Jos\u00e9 Esteban afirmo hoy que \u201cla curva de casos contin\u00faa en aumento y depende de la poblaci\u00f3n que disminuya, es la peor crisis sanitaria que haya tenido la provincia en toda su historia, los casos se multiplicaron muy r\u00e1pidamente y esto hizo que se ingrese a una situaci\u00f3n compleja [&hellip;]<\/p>\n","protected":false},"author":2,"featured_media":5811,"comment_status":"open","ping_status":"open","sticky":false,"template":"","format":"standard","meta":{"tdm_status":"","tdm_grid_status":"","_joinchat":[],"footnotes":""},"categories":[65],"tags":[],"class_list":{"0":"post-5810","1":"post","2":"type-post","3":"status-publish","4":"format-standard","5":"has-post-thumbnail","7":"category-coronavirus"},"amp_enabled":true,"_links":{"self":[{"href":"https:\/\/www.todoeldia.com\/index.php\/wp-json\/wp\/v2\/posts\/5810","targetHints":{"allow":["GET"]}}],"collection":[{"href":"https:\/\/www.todoeldia.com\/index.php\/wp-json\/wp\/v2\/posts"}],"about":[{"href":"https:\/\/www.todoeldia.com\/index.php\/wp-json\/wp\/v2\/types\/post"}],"author":[{"embeddable":true,"href":"https:\/\/www.todoeldia.com\/index.php\/wp-json\/wp\/v2\/users\/2"}],"replies":[{"embeddable":true,"href":"https:\/\/www.todoeldia.com\/index.php\/wp-json\/wp\/v2\/comments?post=5810"}],"version-history":[{"count":1,"href":"https:\/\/www.todoeldia.com\/index.php\/wp-json\/wp\/v2\/posts\/5810\/revisions"}],"predecessor-version":[{"id":5812,"href":"https:\/\/www.todoeldia.com\/index.php\/wp-json\/wp\/v2\/posts\/5810\/revisions\/5812"}],"wp:featuredmedia":[{"embeddable":true,"href":"https:\/\/www.todoeldia.com\/index.php\/wp-json\/wp\/v2\/media\/5811"}],"wp:attachment":[{"href":"https:\/\/www.todoeldia.com\/index.php\/wp-json\/wp\/v2\/media?parent=5810"}],"wp:term":[{"taxonomy":"category","embeddable":true,"href":"https:\/\/www.todoeldia.com\/index.php\/wp-json\/wp\/v2\/categories?post=5810"},{"taxonomy":"post_tag","embeddable":true,"href":"https:\/\/www.todoeldia.com\/index.php\/wp-json\/wp\/v2\/tags?post=5810"}],"curies":[{"name":"wp","href":"https:\/\/api.w.org\/{rel}","templated":true}]}}