{"id":58111,"date":"2023-05-22T11:13:54","date_gmt":"2023-05-22T14:13:54","guid":{"rendered":"https:\/\/www.todoeldia.com\/?p=58111"},"modified":"2023-05-22T11:16:04","modified_gmt":"2023-05-22T14:16:04","slug":"massa-sigue-en-una-nube-de-p-no-descarta-impulsar-a-gustavo-saenz-como-candidato-presidencial","status":"publish","type":"post","link":"https:\/\/www.todoeldia.com\/index.php\/2023\/05\/22\/massa-sigue-en-una-nube-de-p-no-descarta-impulsar-a-gustavo-saenz-como-candidato-presidencial\/","title":{"rendered":"Massa sigue en una nube de p\u2026: no descarta impulsar a Gustavo S\u00e1enz como candidato presidencial"},"content":{"rendered":"\n<p>El massismo podr\u00eda presentar a Gustavo S\u00e1enz, gobernador de Salta, como precandidato presidencial en la PASO del Frente de Todos. Wado o Axel Kicillof por el kirchnerismo, Scioli o Rossi por el albertismo. Se ordena la interna pol\u00edtica.<\/p>\n\n\n\n<p>Lo que no entiende Sergio Massa es que S\u00e1enz no tiene la m\u00ednima intenci\u00f3n de agarrar &#8220;la papa caliente&#8221; como dijo Cristina, teniendo la certeza de la catastrofica derrota electoralque tendra el kirschnerismo en la elecci\u00f3n presidencial.<\/p>\n\n\n\n<p>El Frente Renovador de Sergio Massa analiza la posibilidad de impulsar al gobernador de Salta, Gustavo S\u00e1enz, como candidato presidencial en la PASO del Frente de Todos. La decisi\u00f3n ser\u00e1 sometida a an\u00e1lisis en el pr\u00f3ximo congreso del FR que se realizar\u00e1 el 10 de junio con el objetivo de definir alianzas adem\u00e1s de candidaturas locales y provinciales.<\/p>\n\n\n\n<p>Comienza as\u00ed a ordenarse la interna pol\u00edtica del Frente de Todos donde, en principio, cada uno de los sectores de la coalici\u00f3n de Gobierno tendr\u00eda su propio candidato. En el caso del albertismo ya se encuentra lanzado Daniel Scioli y se podr\u00eda sumar el jefe de gabinete, Agust\u00edn Rossi. Cristina Fern\u00e1ndez de Kirchner emiti\u00f3 se\u00f1ales de apoyo a la precandidatura de Eduardo &#8220;Wado&#8221; de Pedro quien tambi\u00e9n logr\u00f3 la adhesi\u00f3n de gobernadores como Ricardo Quintela (La Rioja), Ra\u00fal Jalil (Catamarca). El massismo, a\u00fan sin definiciones, sum\u00f3 ahora al salte\u00f1o S\u00e1enz como posible precandidato del Frente Renovador. S\u00e1enz fue compa\u00f1ero de f\u00f3rmula presidencial de Sergio Massa en el 2015 y es uno de los principales aliados pol\u00edticos del Ministro de Econom\u00eda. El gobernador de Salta viene de conseguir su reelecci\u00f3n con un c\u00f3modo triunfo en el que obtuvo m\u00e1s el 47,52% de los votos.<\/p>\n","protected":false},"excerpt":{"rendered":"<p>El massismo podr\u00eda presentar a Gustavo S\u00e1enz, gobernador de Salta, como precandidato presidencial en la PASO del Frente de Todos. Wado o Axel Kicillof por el kirchnerismo, Scioli o Rossi por el albertismo. Se ordena la interna pol\u00edtica. Lo que no entiende Sergio Massa es que S\u00e1enz no tiene la m\u00ednima intenci\u00f3n de agarrar &#8220;la [&hellip;]<\/p>\n","protected":false},"author":2,"featured_media":42846,"comment_status":"open","ping_status":"open","sticky":false,"template":"","format":"standard","meta":{"tdm_status":"","tdm_grid_status":"","_joinchat":[],"footnotes":""},"categories":[59],"tags":[],"class_list":{"0":"post-58111","1":"post","2":"type-post","3":"status-publish","4":"format-standard","5":"has-post-thumbnail","7":"category-politica"},"amp_enabled":true,"_links":{"self":[{"href":"https:\/\/www.todoeldia.com\/index.php\/wp-json\/wp\/v2\/posts\/58111","targetHints":{"allow":["GET"]}}],"collection":[{"href":"https:\/\/www.todoeldia.com\/index.php\/wp-json\/wp\/v2\/posts"}],"about":[{"href":"https:\/\/www.todoeldia.com\/index.php\/wp-json\/wp\/v2\/types\/post"}],"author":[{"embeddable":true,"href":"https:\/\/www.todoeldia.com\/index.php\/wp-json\/wp\/v2\/users\/2"}],"replies":[{"embeddable":true,"href":"https:\/\/www.todoeldia.com\/index.php\/wp-json\/wp\/v2\/comments?post=58111"}],"version-history":[{"count":2,"href":"https:\/\/www.todoeldia.com\/index.php\/wp-json\/wp\/v2\/posts\/58111\/revisions"}],"predecessor-version":[{"id":58114,"href":"https:\/\/www.todoeldia.com\/index.php\/wp-json\/wp\/v2\/posts\/58111\/revisions\/58114"}],"wp:featuredmedia":[{"embeddable":true,"href":"https:\/\/www.todoeldia.com\/index.php\/wp-json\/wp\/v2\/media\/42846"}],"wp:attachment":[{"href":"https:\/\/www.todoeldia.com\/index.php\/wp-json\/wp\/v2\/media?parent=58111"}],"wp:term":[{"taxonomy":"category","embeddable":true,"href":"https:\/\/www.todoeldia.com\/index.php\/wp-json\/wp\/v2\/categories?post=58111"},{"taxonomy":"post_tag","embeddable":true,"href":"https:\/\/www.todoeldia.com\/index.php\/wp-json\/wp\/v2\/tags?post=58111"}],"curies":[{"name":"wp","href":"https:\/\/api.w.org\/{rel}","templated":true}]}}