{"id":58320,"date":"2023-05-25T11:50:54","date_gmt":"2023-05-25T14:50:54","guid":{"rendered":"https:\/\/www.todoeldia.com\/?p=58320"},"modified":"2023-05-25T11:51:25","modified_gmt":"2023-05-25T14:51:25","slug":"por-temor-a-escraches-a-los-funcionarios-suspendieron-el-tedeum-en-la-catedral","status":"publish","type":"post","link":"https:\/\/www.todoeldia.com\/index.php\/2023\/05\/25\/por-temor-a-escraches-a-los-funcionarios-suspendieron-el-tedeum-en-la-catedral\/","title":{"rendered":"Por temor a escraches a los funcionarios suspendieron el Tedeum en la Catedral"},"content":{"rendered":"\n<p>Tras la jornada de manifestaciones vividas ayer en la ciudad durante todo el d\u00eda, el gobierno provincial decidi\u00f3 suspender el Tedeum en la Catedral que deb\u00eda realizarse a las 9.15 por la conmemoraci\u00f3n del 25 de mayo.<\/p>\n\n\n\n<p>La suspensi\u00f3n se decidi\u00f3 luego de la jornada de manifestaciones que se vivi\u00f3 en la ciudad de Salta por parte de docentes y personal de salud autoconvocados, quienes reclamaron en el centro y en el ex peaje Aunor.<\/p>\n\n\n\n<p>Docentes autoconvocados decidieron en asamblea volver a manifestarse en la Plaza 9 de Julio durante la ma\u00f1ana de hoy, y ante la posibilidad de escraches hacia los funcionarios del gobierno provincial, la celebraci\u00f3n en la catedral qued\u00f3 suspendida.<\/p>\n\n\n\n<p>Nuevo Diario<\/p>\n","protected":false},"excerpt":{"rendered":"<p>Tras la jornada de manifestaciones vividas ayer en la ciudad durante todo el d\u00eda, el gobierno provincial decidi\u00f3 suspender el Tedeum en la Catedral que deb\u00eda realizarse a las 9.15 por la conmemoraci\u00f3n del 25 de mayo. La suspensi\u00f3n se decidi\u00f3 luego de la jornada de manifestaciones que se vivi\u00f3 en la ciudad de Salta [&hellip;]<\/p>\n","protected":false},"author":2,"featured_media":58321,"comment_status":"open","ping_status":"open","sticky":false,"template":"","format":"standard","meta":{"tdm_status":"","tdm_grid_status":"","_joinchat":[],"footnotes":""},"categories":[73],"tags":[],"class_list":{"0":"post-58320","1":"post","2":"type-post","3":"status-publish","4":"format-standard","5":"has-post-thumbnail","7":"category-noticias-general"},"amp_enabled":true,"_links":{"self":[{"href":"https:\/\/www.todoeldia.com\/index.php\/wp-json\/wp\/v2\/posts\/58320","targetHints":{"allow":["GET"]}}],"collection":[{"href":"https:\/\/www.todoeldia.com\/index.php\/wp-json\/wp\/v2\/posts"}],"about":[{"href":"https:\/\/www.todoeldia.com\/index.php\/wp-json\/wp\/v2\/types\/post"}],"author":[{"embeddable":true,"href":"https:\/\/www.todoeldia.com\/index.php\/wp-json\/wp\/v2\/users\/2"}],"replies":[{"embeddable":true,"href":"https:\/\/www.todoeldia.com\/index.php\/wp-json\/wp\/v2\/comments?post=58320"}],"version-history":[{"count":2,"href":"https:\/\/www.todoeldia.com\/index.php\/wp-json\/wp\/v2\/posts\/58320\/revisions"}],"predecessor-version":[{"id":58324,"href":"https:\/\/www.todoeldia.com\/index.php\/wp-json\/wp\/v2\/posts\/58320\/revisions\/58324"}],"wp:featuredmedia":[{"embeddable":true,"href":"https:\/\/www.todoeldia.com\/index.php\/wp-json\/wp\/v2\/media\/58321"}],"wp:attachment":[{"href":"https:\/\/www.todoeldia.com\/index.php\/wp-json\/wp\/v2\/media?parent=58320"}],"wp:term":[{"taxonomy":"category","embeddable":true,"href":"https:\/\/www.todoeldia.com\/index.php\/wp-json\/wp\/v2\/categories?post=58320"},{"taxonomy":"post_tag","embeddable":true,"href":"https:\/\/www.todoeldia.com\/index.php\/wp-json\/wp\/v2\/tags?post=58320"}],"curies":[{"name":"wp","href":"https:\/\/api.w.org\/{rel}","templated":true}]}}