{"id":5836,"date":"2020-09-16T09:35:13","date_gmt":"2020-09-16T12:35:13","guid":{"rendered":"https:\/\/www.todoeldia.com\/?p=5836"},"modified":"2020-09-16T09:47:44","modified_gmt":"2020-09-16T12:47:44","slug":"chofer-de-la-municipalidad-de-salta-a-juicio-por-la-muerte-de-un-motociclista","status":"publish","type":"post","link":"https:\/\/www.todoeldia.com\/index.php\/2020\/09\/16\/chofer-de-la-municipalidad-de-salta-a-juicio-por-la-muerte-de-un-motociclista\/","title":{"rendered":"Chofer de la Municipalidad de Salta a juicio por la muerte de un motociclista"},"content":{"rendered":"\n<p>Se requiri\u00f3 juicio para un hombre de 28 a\u00f1os que conduc\u00eda un cami\u00f3n de la Municipalidad de Salta y embisti\u00f3 a un motociclista de 64 a\u00f1os en la intersecci\u00f3n de ruta provincial 26 y avenida Tavella, en enero de este a\u00f1o.<\/p>\n\n\n\n<p>La&nbsp;fiscal penal 1 de la Unidad de Graves Atentados contra las Personas, Ana In\u00e9s Salinas Odorisio, requiri\u00f3 juicio para&nbsp;Lucas Jos\u00e9 Manuel Molina Motok&nbsp;como autor del delito de<a href=\"http:\/\/www.fiscalespenalesalta.gob.ar\/siniestro-vial-conductor-imputado-por-homicidio-culposo\/\">&nbsp;homicidio culposo por la conducci\u00f3n imprudente y negligente o antirreglamentaria de un veh\u00edculo automotor en perjuicio de Pedro Antonio Corrales.<\/a><\/p>\n\n\n\n<p>El siniestro se produjo el&nbsp;24 de enero de este a\u00f1o por la ma\u00f1ana, cuando el&nbsp;cami\u00f3n de la Municipalidad de Salta, guiado por Molina Motok, al realizar una maniobra brusca para acceder a la v\u00eda r\u00e1pida de avenida Tavella,&nbsp;embisti\u00f3 a la motocicleta que circulaba por la colectora de avenida Tavella.<\/p>\n\n\n\n<p>El motociclista fue&nbsp;embestido y arrastrado algunos metros por el cami\u00f3n&nbsp;y tras ser asistido, fue trasladado en c\u00f3digo rojo al Hospital San Bernardo, donde&nbsp;falleci\u00f3 luego por las lesiones que presentaba.<\/p>\n\n\n\n<p>Con la&nbsp;declaraci\u00f3n de testigos&nbsp;y con el&nbsp;an\u00e1lisis de c\u00e1maras de seguridad, se pudo comprobar que&nbsp;el conductor del cami\u00f3n no accion\u00f3 las luces de giro que anunciaran la maniobra que provoc\u00f3 el siniestro&nbsp;y que&nbsp;no observ\u00f3 el deber de cuidado, siendo negligente en su obrar al&nbsp;no tomar los recaudos necesarios al momento de girar hacia la derecha desde la ruta provincial 26 a la v\u00eda r\u00e1pida de avenida Tavella.<\/p>\n","protected":false},"excerpt":{"rendered":"<p>Se requiri\u00f3 juicio para un hombre de 28 a\u00f1os que conduc\u00eda un cami\u00f3n de la Municipalidad de Salta y embisti\u00f3 a un motociclista de 64 a\u00f1os en la intersecci\u00f3n de ruta provincial 26 y avenida Tavella, en enero de este a\u00f1o. La&nbsp;fiscal penal 1 de la Unidad de Graves Atentados contra las Personas, Ana In\u00e9s [&hellip;]<\/p>\n","protected":false},"author":2,"featured_media":5842,"comment_status":"open","ping_status":"open","sticky":false,"template":"","format":"standard","meta":{"tdm_status":"","tdm_grid_status":"","_joinchat":[],"footnotes":""},"categories":[73],"tags":[],"class_list":{"0":"post-5836","1":"post","2":"type-post","3":"status-publish","4":"format-standard","5":"has-post-thumbnail","7":"category-noticias-general"},"amp_enabled":true,"_links":{"self":[{"href":"https:\/\/www.todoeldia.com\/index.php\/wp-json\/wp\/v2\/posts\/5836","targetHints":{"allow":["GET"]}}],"collection":[{"href":"https:\/\/www.todoeldia.com\/index.php\/wp-json\/wp\/v2\/posts"}],"about":[{"href":"https:\/\/www.todoeldia.com\/index.php\/wp-json\/wp\/v2\/types\/post"}],"author":[{"embeddable":true,"href":"https:\/\/www.todoeldia.com\/index.php\/wp-json\/wp\/v2\/users\/2"}],"replies":[{"embeddable":true,"href":"https:\/\/www.todoeldia.com\/index.php\/wp-json\/wp\/v2\/comments?post=5836"}],"version-history":[{"count":1,"href":"https:\/\/www.todoeldia.com\/index.php\/wp-json\/wp\/v2\/posts\/5836\/revisions"}],"predecessor-version":[{"id":5838,"href":"https:\/\/www.todoeldia.com\/index.php\/wp-json\/wp\/v2\/posts\/5836\/revisions\/5838"}],"wp:featuredmedia":[{"embeddable":true,"href":"https:\/\/www.todoeldia.com\/index.php\/wp-json\/wp\/v2\/media\/5842"}],"wp:attachment":[{"href":"https:\/\/www.todoeldia.com\/index.php\/wp-json\/wp\/v2\/media?parent=5836"}],"wp:term":[{"taxonomy":"category","embeddable":true,"href":"https:\/\/www.todoeldia.com\/index.php\/wp-json\/wp\/v2\/categories?post=5836"},{"taxonomy":"post_tag","embeddable":true,"href":"https:\/\/www.todoeldia.com\/index.php\/wp-json\/wp\/v2\/tags?post=5836"}],"curies":[{"name":"wp","href":"https:\/\/api.w.org\/{rel}","templated":true}]}}