{"id":5903,"date":"2020-09-16T19:56:09","date_gmt":"2020-09-16T22:56:09","guid":{"rendered":"https:\/\/www.todoeldia.com\/?p=5903"},"modified":"2020-09-16T19:56:10","modified_gmt":"2020-09-16T22:56:10","slug":"el-oficialismo-aprobo-en-el-senado-la-remocion-de-tres-jueces-que-investigan-a-cristina-kirchner-en-causas-de-corrupcion","status":"publish","type":"post","link":"https:\/\/www.todoeldia.com\/index.php\/2020\/09\/16\/el-oficialismo-aprobo-en-el-senado-la-remocion-de-tres-jueces-que-investigan-a-cristina-kirchner-en-causas-de-corrupcion\/","title":{"rendered":"El oficialismo aprob\u00f3 en el Senado la remoci\u00f3n de tres jueces que investigan a Cristina Kirchner en causas de corrupci\u00f3n"},"content":{"rendered":"\n<p>Se trata de Leopoldo Bruglia, Pablo Bertuzzi y Germ\u00e1n Castelli. Ahora falta la firma final de Alberto Fern\u00e1ndez para completar la maniobra y desplazar a los magistrados. Juntos por el Cambio no convalid\u00f3 el tr\u00e1mite y se retir\u00f3 del debate<\/p>\n\n\n\n<p>Despu\u00e9s de que se desconectara el bloque de Juntos por el Cambio, que acus\u00f3 a&nbsp;<strong>Cristina Kirchner&nbsp;<\/strong>de imponer una agenda para impedir el avance de causas judiciales en su contra, el Frente de Todos defini\u00f3 el desplazamiento de tres jueces: los camaristas&nbsp;<strong>Leopoldo Bruglia<\/strong>&nbsp;y&nbsp;<strong>Pablo Bertuzzi<\/strong>, que instruyeron la llamada causa de los Cuadernos en la que se investig\u00f3 una trama de corrupci\u00f3n pol\u00edtica y empresarial en la obra p\u00fablica y del juez&nbsp;<strong>Germ\u00e1n Castelli&nbsp;<\/strong>que integra el tribunal a cargo del juicio oral para esa causa.<\/p>\n\n\n\n<p>Durante todo el debate y en el momento de la votaci\u00f3n no estuvo presente la Vicepresidenta y la reemplaz\u00f3\u00a0<strong>Claudia Ledesma Abdala<\/strong>. El secretario Parlamentario\u00a0<strong>Marcelo Fuentes<\/strong>\u00a0ley\u00f3 la lista de votos, como se hace en cada sesi\u00f3n para chequear el m\u00e9todo remoto y nombr\u00f3 a cada senador ausente y la intenci\u00f3n del voto de los presentes que arroj\u00f3 un resultado de 41 votos afirmativos. \u201cDeber\u00eda decir por unanimidad\u201d, brome\u00f3 el peronista<strong>\u00a0Jos\u00e9 Mayans<\/strong>\u00a0que como jefe del bloque del Frente de Todos insisti\u00f3 en la precisi\u00f3n. Los \u00fanicos opositores que acompa\u00f1aron la decisi\u00f3n oficialista fueron\u00a0<strong>Alberto Weretilneck<\/strong>\u00a0(Juntos Somos R\u00edo Negro) y\u00a0<strong>Maurice Closs\u00a0<\/strong>y\u00a0<strong>Magdalena Solari Quintana\u00a0<\/strong>(Frente Renovador de la Concordia de Misiones).<\/p>\n\n\n\n<figure class=\"wp-block-image size-large is-resized\"><img loading=\"lazy\" decoding=\"async\" src=\"https:\/\/www.todoeldia.com\/wp-content\/uploads\/2020\/09\/lustou.jpg\" alt=\"\" class=\"wp-image-5905\" width=\"1062\" height=\"605\"\/><figcaption>Mart\u00edn Lousteau y Laura Rodr\u00edguez Machado cuando se retiraron del recinto<\/figcaption><\/figure>\n\n\n\n<p>El avance del tratamiento de los tres pliegos se apur\u00f3 tras la ausencia de los tres magistrados a la audiencia del viernes 4.&nbsp;<strong>Anabel Fern\u00e1ndez Sagasti<\/strong>, presidenta de la comisi\u00f3n de Acuerdos y vice del bloque del Frente de Todos, abri\u00f3 la lista de oradores como miembro informante. Record\u00f3 que se analizan diez pliegos de jueces trasladados, pero que siete jueces \u201cse sometieron a preguntas de los senadores y senadores, describieron los motivos de su traslados y su labor y muchos fueron muy ilustrativos, incluso en un caso explicaron que pidieron su traslado por presiones recibidas en el anterior lugar que ejerc\u00eda su cargo\u201d, plante\u00f3 en referencia a Eduardo Farah.<\/p>\n\n\n\n<p>Nuestra Constituci\u00f3n reconoce que ning\u00fan poder del Estado se puede imponer sobre otro poder y es as\u00ed que todo tramite, como es la designaci\u00f3n de jueces,&nbsp;<strong>cuando no es cumplido acabadamente debe ser corregido y eso es lo que estamos haciendo\u201d<\/strong>, afirm\u00f3 sobre la revisi\u00f3n remitida por el Poder Ejecutivo para la consideraci\u00f3n de la C\u00e1mara alta que la oposici\u00f3n cuestion\u00f3. Tambi\u00e9n apunt\u00f3 que los traslados se realizaron para \u201cperseguir\u201d opositores y en l\u00ednea con lo dicho d\u00edas atr\u00e1s por Cristina Fern\u00e1ndez, \u201cpara buscar impunidad\u201d a ex funcionarios macristas.<\/p>\n\n\n\n<p>Sobre Bruglia, Bertuzzi y Castelli, resalt\u00f3 que \u201cno acudieron a la audiencia, no se presentaron, desoyeron una convocatoria del Senado de la Naci\u00f3n, se negaron a someterse a una audiencia por el solo hecho de considerar que no correspond\u00eda a su traslado el acuerdo de su traslado\u201d y agreg\u00f3 que&nbsp;<strong>\u201cdesde la oposici\u00f3n convalidaron los dichos de estos se\u00f1ores jueces\u201d.<\/strong><\/p>\n\n\n\n<p>Y se pregunt\u00f3: \u201c\u00bfQu\u00e9 podemos esperar de estos jueces que se niegan a cumplir con el mandato constitucional para el cargo que aspiran estos tres jueces que se han negado a participar de una audiencia para poder cumplimentar el procedimiento especial, constitucional de acuerdo del Senado?\u201d. Y alert\u00f3 que \u201chan demostrado tener un desaire no a una fuerza pol\u00edtica, no al oficialismo sino lisa y llanamente le han faltado el respeto al Senado de la Naci\u00f3n y a la Constituci\u00f3n Nacional que deber\u00edan defender\u201d.<\/p>\n\n\n\n<p>\u201cCuando se hace un traslado de un juez se lo toma como un nuevo nombramiento por eso el Senado tiene que intervenir\u201d, a\u00f1adi\u00f3 sobre la designaci\u00f3n por decreto presidencial del juez&nbsp;<strong>Leopoldo Oscar Bruglia en la C\u00e1mara Nacional de Apelaciones en lo Criminal y Correccional Federal desde la C\u00e1mara del Tribunal Oral en lo Criminal Federal N\u00ba4 de la Capital Federal; el pase de Pablo Daniel Bertuzzi de la C\u00e1mara del Tribunal Oral en lo Criminal Federal a la C\u00e1mara Nacional de Apelaciones en lo Criminal y Correccional Federal&nbsp;<\/strong>y finalmente el traslado del juez Germ\u00e1n Andr\u00e9s Castelli de la C\u00e1mara del Tribunal Oral en lo Criminal Federal N\u00ba3 de San Mart\u00edn al Tribunal Oral en lo Criminal Federal N\u00ba7 de la Capital Federal.<\/p>\n\n\n\n<p>En esa l\u00ednea argumental adelant\u00f3 que tanto Bruglia como Bertuzzi cumplen \u201cuna funci\u00f3n diversa a la que fueron designados\u201d, y que en el caso de Bertuzzi cambi\u00f3 de jurisdicci\u00f3n, de La Plata a Comodoro Py mientras que Castelli pas\u00f3 de una jurisdicci\u00f3n distinta, de San Mart\u00edn a la Capital Federal.&nbsp;<strong>Pidi\u00f3 adem\u00e1s agregar una precisi\u00f3n a los textos de los dict\u00e1menes que pasaron por la comisi\u00f3n de Acuerdos.<\/strong><\/p>\n\n\n\n<p>En el caso de Bruglia, especific\u00f3 que el traslado se realiz\u00f3 \u201ccon distinta competencia en raz\u00f3n del grado y de la materia, y con una funci\u00f3n diversa a aqu\u00e9lla para la cual fuera designado\u201d. En el caso de Bertuzzi tambi\u00e9n pidi\u00f3 \u201cdejar plasmado lo obvio\u201d que el traslado, consider\u00f3, se concret\u00f3&nbsp;<strong>\u201ccon distinta competencia en raz\u00f3n del grado, de la materia y del territorio, y con una funci\u00f3n diversa a aqu\u00e9lla para la cual fuera designado\u201d.&nbsp;<\/strong>Por \u00faltimo en el dictamen de rechazo a Castelli se agreg\u00f3 que su traslado se realiz\u00f3 a un juzgado \u201cperteneciente a una jurisdicci\u00f3n territorial distinta a aqu\u00e9lla para la cual fuera designado\u201d.<\/p>\n\n\n\n<p>\u201cAceptar estos traslados es aceptar que existen dos sistemas de selecci\u00f3n de jueces: uno es el art\u00edculo 99 inciso 4 de la CN y otro es el que us\u00f3 el gobierno anterior que es una selecci\u00f3n de jueces a la carta, elegidos seg\u00fan conveniencia\u201d, sostuvo la mendocina en un fuerte discurso que esta vez no tuvo correlato con la oposici\u00f3n que se retir\u00f3 molesta por la falta de di\u00e1logo, la falta de consenso para renovar el protocolo de funcionamiento remoto y la agenda parlamentaria, incluida la Reforma Judicial y la remoci\u00f3n de los tres magistrados en el d\u00eda de hoy.<\/p>\n\n\n\n<p><strong>\u201cNo estamos sacando jueces que nos molestan. Este tema se origina en el Consejo de la Magistratura cuando nos encontramos con los traslados de un juez de Mendoza y uno de La Plata\u201d,<\/strong>&nbsp;defendi\u00f3 la postura&nbsp;<strong>Mar\u00eda In\u00e9s Pilatti Vergara<\/strong>&nbsp;quien indic\u00f3 que el proceso se inici\u00f3 con una auditor\u00eda para analizar todos los casos de traslados de los \u00faltimos cuatro a\u00f1os.<\/p>\n","protected":false},"excerpt":{"rendered":"<p>Se trata de Leopoldo Bruglia, Pablo Bertuzzi y Germ\u00e1n Castelli. Ahora falta la firma final de Alberto Fern\u00e1ndez para completar la maniobra y desplazar a los magistrados. Juntos por el Cambio no convalid\u00f3 el tr\u00e1mite y se retir\u00f3 del debate Despu\u00e9s de que se desconectara el bloque de Juntos por el Cambio, que acus\u00f3 a&nbsp;Cristina [&hellip;]<\/p>\n","protected":false},"author":2,"featured_media":5904,"comment_status":"open","ping_status":"open","sticky":false,"template":"","format":"standard","meta":{"tdm_status":"","tdm_grid_status":"","_joinchat":[],"footnotes":""},"categories":[59],"tags":[],"class_list":{"0":"post-5903","1":"post","2":"type-post","3":"status-publish","4":"format-standard","5":"has-post-thumbnail","7":"category-politica"},"amp_enabled":true,"_links":{"self":[{"href":"https:\/\/www.todoeldia.com\/index.php\/wp-json\/wp\/v2\/posts\/5903","targetHints":{"allow":["GET"]}}],"collection":[{"href":"https:\/\/www.todoeldia.com\/index.php\/wp-json\/wp\/v2\/posts"}],"about":[{"href":"https:\/\/www.todoeldia.com\/index.php\/wp-json\/wp\/v2\/types\/post"}],"author":[{"embeddable":true,"href":"https:\/\/www.todoeldia.com\/index.php\/wp-json\/wp\/v2\/users\/2"}],"replies":[{"embeddable":true,"href":"https:\/\/www.todoeldia.com\/index.php\/wp-json\/wp\/v2\/comments?post=5903"}],"version-history":[{"count":1,"href":"https:\/\/www.todoeldia.com\/index.php\/wp-json\/wp\/v2\/posts\/5903\/revisions"}],"predecessor-version":[{"id":5906,"href":"https:\/\/www.todoeldia.com\/index.php\/wp-json\/wp\/v2\/posts\/5903\/revisions\/5906"}],"wp:featuredmedia":[{"embeddable":true,"href":"https:\/\/www.todoeldia.com\/index.php\/wp-json\/wp\/v2\/media\/5904"}],"wp:attachment":[{"href":"https:\/\/www.todoeldia.com\/index.php\/wp-json\/wp\/v2\/media?parent=5903"}],"wp:term":[{"taxonomy":"category","embeddable":true,"href":"https:\/\/www.todoeldia.com\/index.php\/wp-json\/wp\/v2\/categories?post=5903"},{"taxonomy":"post_tag","embeddable":true,"href":"https:\/\/www.todoeldia.com\/index.php\/wp-json\/wp\/v2\/tags?post=5903"}],"curies":[{"name":"wp","href":"https:\/\/api.w.org\/{rel}","templated":true}]}}