{"id":59054,"date":"2023-06-08T11:24:21","date_gmt":"2023-06-08T14:24:21","guid":{"rendered":"https:\/\/www.todoeldia.com\/?p=59054"},"modified":"2023-06-08T13:02:18","modified_gmt":"2023-06-08T16:02:18","slug":"sera-imputado-hoy-el-conductor-del-camion-que-arrollo-a-dos-nenes-y-mato-a-uno-de-ellos-en-silla-de-ruedas","status":"publish","type":"post","link":"https:\/\/www.todoeldia.com\/index.php\/2023\/06\/08\/sera-imputado-hoy-el-conductor-del-camion-que-arrollo-a-dos-nenes-y-mato-a-uno-de-ellos-en-silla-de-ruedas\/","title":{"rendered":"Ser\u00e1 imputado hoy el conductor del cami\u00f3n que arroll\u00f3 a dos nenes y mat\u00f3 a uno de ellos en silla de ruedas"},"content":{"rendered":"\n<p>Ocurri\u00f3 durante la tarde de este mi\u00e9rcoles en la ciudad de Salta, cuando por razones que se tratan de establecer, dos menores de edad fueron embestidos por un cami\u00f3n. Un ni\u00f1o de 12 a\u00f1os falleci\u00f3 y su hermana de 10, result\u00f3 lesionada y se encuentra hospitalizada.<\/p>\n\n\n\n<p>El fiscal penal 1 de la Unidad de Graves Atentados contra las Personas en turno, Leandro Flores, investiga un siniestro vial con una v\u00edctima fatal y una menor lesionada, ocurrido durante la tarde de este mi\u00e9rcoles en la intersecci\u00f3n de las calles Rondeau y Dami\u00e1n Torino de la ciudad de Salta.<\/p>\n\n\n\n<p>Los menores se dispon\u00edan a cruzar la calle cuando fueron embestidos por el cami\u00f3n guiado por un hombre de 31 a\u00f1os, quien, tras el siniestro, sigui\u00f3 su marcha.<\/p>\n\n\n\n<p>Los ni\u00f1os resultaron heridos y fueron trasladados al hospital Materno Infantil, donde el ni\u00f1o de 12, quien se desplazaba en una silla de ruedas, falleci\u00f3 y su hermana de 10 a\u00f1os, result\u00f3 con politraumatismos y permanece internada.<\/p>\n\n\n\n<p>El fiscal Flores dispuso el cumplimiento de las medidas de rigor, tendientes a esclarecer lo sucedido y determinar la mec\u00e1nica del siniestro.<\/p>\n\n\n\n<p>El conductor del cami\u00f3n fue detenido posteriormente y ser\u00e1 imputado en las pr\u00f3ximas horas.<\/p>\n","protected":false},"excerpt":{"rendered":"<p>Ocurri\u00f3 durante la tarde de este mi\u00e9rcoles en la ciudad de Salta, cuando por razones que se tratan de establecer, dos menores de edad fueron embestidos por un cami\u00f3n. Un ni\u00f1o de 12 a\u00f1os falleci\u00f3 y su hermana de 10, result\u00f3 lesionada y se encuentra hospitalizada. El fiscal penal 1 de la Unidad de Graves [&hellip;]<\/p>\n","protected":false},"author":2,"featured_media":59096,"comment_status":"open","ping_status":"open","sticky":false,"template":"","format":"standard","meta":{"tdm_status":"","tdm_grid_status":"","_joinchat":[],"footnotes":""},"categories":[63],"tags":[],"class_list":{"0":"post-59054","1":"post","2":"type-post","3":"status-publish","4":"format-standard","5":"has-post-thumbnail","7":"category-policiales"},"amp_enabled":true,"_links":{"self":[{"href":"https:\/\/www.todoeldia.com\/index.php\/wp-json\/wp\/v2\/posts\/59054","targetHints":{"allow":["GET"]}}],"collection":[{"href":"https:\/\/www.todoeldia.com\/index.php\/wp-json\/wp\/v2\/posts"}],"about":[{"href":"https:\/\/www.todoeldia.com\/index.php\/wp-json\/wp\/v2\/types\/post"}],"author":[{"embeddable":true,"href":"https:\/\/www.todoeldia.com\/index.php\/wp-json\/wp\/v2\/users\/2"}],"replies":[{"embeddable":true,"href":"https:\/\/www.todoeldia.com\/index.php\/wp-json\/wp\/v2\/comments?post=59054"}],"version-history":[{"count":1,"href":"https:\/\/www.todoeldia.com\/index.php\/wp-json\/wp\/v2\/posts\/59054\/revisions"}],"predecessor-version":[{"id":59055,"href":"https:\/\/www.todoeldia.com\/index.php\/wp-json\/wp\/v2\/posts\/59054\/revisions\/59055"}],"wp:featuredmedia":[{"embeddable":true,"href":"https:\/\/www.todoeldia.com\/index.php\/wp-json\/wp\/v2\/media\/59096"}],"wp:attachment":[{"href":"https:\/\/www.todoeldia.com\/index.php\/wp-json\/wp\/v2\/media?parent=59054"}],"wp:term":[{"taxonomy":"category","embeddable":true,"href":"https:\/\/www.todoeldia.com\/index.php\/wp-json\/wp\/v2\/categories?post=59054"},{"taxonomy":"post_tag","embeddable":true,"href":"https:\/\/www.todoeldia.com\/index.php\/wp-json\/wp\/v2\/tags?post=59054"}],"curies":[{"name":"wp","href":"https:\/\/api.w.org\/{rel}","templated":true}]}}