{"id":59059,"date":"2023-06-08T11:32:16","date_gmt":"2023-06-08T14:32:16","guid":{"rendered":"https:\/\/www.todoeldia.com\/?p=59059"},"modified":"2023-06-08T11:32:17","modified_gmt":"2023-06-08T14:32:17","slug":"espert-publico-fotos-con-larreta-y-bullrich-para-confirmar-su-ingreso-a-juntos-por-el-cambio","status":"publish","type":"post","link":"https:\/\/www.todoeldia.com\/index.php\/2023\/06\/08\/espert-publico-fotos-con-larreta-y-bullrich-para-confirmar-su-ingreso-a-juntos-por-el-cambio\/","title":{"rendered":"Espert public\u00f3 fotos con Larreta y Bullrich para confirmar su ingreso a Juntos por el Cambio"},"content":{"rendered":"\n<p>\u201cIniciamos un camino com\u00fan por la lucha de la libertad para recuperar la Argentina\u201d, asegur\u00f3 el economista. El jefe de Gobierno tambi\u00e9n se refiri\u00f3 al tema.<\/p>\n\n\n\n<p>El diputado nacional Jos\u00e9 Luis Espert confirm\u00f3 su ingreso a Juntos por el Cambio con dos fotos: en una se lo ve saludando al jefe de Gobierno porte\u00f1o, Horacio Rodr\u00edguez Larreta; en la otra, posa junto a Patricia Bullrich. Ambos dirigentes del PRO se enfrentar\u00e1n en las PASO presidenciales y hab\u00edan discutido p\u00fablicamente en las \u00faltimas semanas por el rol que tendr\u00e1 el economista en el armado electoral.<\/p>\n\n\n\n<p>\u201cIniciamos un camino com\u00fan por la lucha de la libertad para recuperar la Argentina. Ustedes y nosotros. Juntos\u201d, asegur\u00f3 el legislador liberal.<\/p>\n\n\n\n<figure class=\"wp-block-image size-full is-resized\"><img loading=\"lazy\" decoding=\"async\" src=\"https:\/\/www.todoeldia.com\/wp-content\/uploads\/2023\/06\/image-49.png\" alt=\"\" class=\"wp-image-59061\" width=\"1034\" height=\"610\"\/><\/figure>\n\n\n\n<p>El jefe de Gobierno porte\u00f1o tambi\u00e9n se refiri\u00f3 al tema en un posteo que le da la bienvenida a Espert. \u201cEl cambio total y definitivo que los argentinos necesitamos para dejar atr\u00e1s al kirchnerismo enfrenta a Juntos por el Cambio a dos desaf\u00edos: que estemos m\u00e1s unidos que nunca y que al mismo tiempo nos ampliemos sumando nuevas ideas y gente de bien\u201d, asegur\u00f3 Rodr\u00edguez Larreta.<\/p>\n\n\n\n<p>Y complet\u00f3: \u201cBienvenido Jos\u00e9 Luis Espert, un economista prestigioso con una profunda vocaci\u00f3n de cambio, defensor de la democracia y de las ideas de la libertad. A partir del 10 de diciembre, vamos a empezar juntos a hacer el cambio de nuestras vidas\u201d.<\/p>\n\n\n\n<p>En rigor, el ingreso de Espert a la coalici\u00f3n opositora es un triunfo de Rodr\u00edguez Larreta, que viene impulsando la ampliaci\u00f3n del espacio con el objetivo de construir una nueva mayor\u00eda que facilite la gobernabilidad de un eventual futuro gobierno. Bullrich resist\u00eda al economista como precandidato presidencial: no lo quiere como un contrincante en la interna ante la presunci\u00f3n de que podr\u00eda restarle votos a ella en las PASO.<\/p>\n\n\n\n<p>Sin embargo, la ex ministra de Seguridad de Mauricio Macri finalmente termin\u00f3 celebrando la incorporaci\u00f3n de Espert, con un video en el que reproduce distintas declaraciones a favor del economista. Pero le envi\u00f3 tambi\u00e9n un mensaje a Larreta, anticipando que bloquear\u00e1 su estrategia de sumar al peronismo representado por el gobernador de C\u00f3rdoba, Juan Schiaretti.<\/p>\n","protected":false},"excerpt":{"rendered":"<p>\u201cIniciamos un camino com\u00fan por la lucha de la libertad para recuperar la Argentina\u201d, asegur\u00f3 el economista. El jefe de Gobierno tambi\u00e9n se refiri\u00f3 al tema. El diputado nacional Jos\u00e9 Luis Espert confirm\u00f3 su ingreso a Juntos por el Cambio con dos fotos: en una se lo ve saludando al jefe de Gobierno porte\u00f1o, Horacio [&hellip;]<\/p>\n","protected":false},"author":2,"featured_media":59060,"comment_status":"open","ping_status":"open","sticky":false,"template":"","format":"standard","meta":{"tdm_status":"","tdm_grid_status":"","_joinchat":[],"footnotes":""},"categories":[59],"tags":[],"class_list":{"0":"post-59059","1":"post","2":"type-post","3":"status-publish","4":"format-standard","5":"has-post-thumbnail","7":"category-politica"},"amp_enabled":true,"_links":{"self":[{"href":"https:\/\/www.todoeldia.com\/index.php\/wp-json\/wp\/v2\/posts\/59059","targetHints":{"allow":["GET"]}}],"collection":[{"href":"https:\/\/www.todoeldia.com\/index.php\/wp-json\/wp\/v2\/posts"}],"about":[{"href":"https:\/\/www.todoeldia.com\/index.php\/wp-json\/wp\/v2\/types\/post"}],"author":[{"embeddable":true,"href":"https:\/\/www.todoeldia.com\/index.php\/wp-json\/wp\/v2\/users\/2"}],"replies":[{"embeddable":true,"href":"https:\/\/www.todoeldia.com\/index.php\/wp-json\/wp\/v2\/comments?post=59059"}],"version-history":[{"count":1,"href":"https:\/\/www.todoeldia.com\/index.php\/wp-json\/wp\/v2\/posts\/59059\/revisions"}],"predecessor-version":[{"id":59062,"href":"https:\/\/www.todoeldia.com\/index.php\/wp-json\/wp\/v2\/posts\/59059\/revisions\/59062"}],"wp:featuredmedia":[{"embeddable":true,"href":"https:\/\/www.todoeldia.com\/index.php\/wp-json\/wp\/v2\/media\/59060"}],"wp:attachment":[{"href":"https:\/\/www.todoeldia.com\/index.php\/wp-json\/wp\/v2\/media?parent=59059"}],"wp:term":[{"taxonomy":"category","embeddable":true,"href":"https:\/\/www.todoeldia.com\/index.php\/wp-json\/wp\/v2\/categories?post=59059"},{"taxonomy":"post_tag","embeddable":true,"href":"https:\/\/www.todoeldia.com\/index.php\/wp-json\/wp\/v2\/tags?post=59059"}],"curies":[{"name":"wp","href":"https:\/\/api.w.org\/{rel}","templated":true}]}}