{"id":5915,"date":"2020-09-16T20:42:28","date_gmt":"2020-09-16T23:42:28","guid":{"rendered":"https:\/\/www.todoeldia.com\/?p=5915"},"modified":"2020-09-16T20:42:29","modified_gmt":"2020-09-16T23:42:29","slug":"la-inflacion-de-agosto-fue-de-27-y-acumula-un-407-en-los-ultimos-doce-meses","status":"publish","type":"post","link":"https:\/\/www.todoeldia.com\/index.php\/2020\/09\/16\/la-inflacion-de-agosto-fue-de-27-y-acumula-un-407-en-los-ultimos-doce-meses\/","title":{"rendered":"La inflaci\u00f3n de agosto fue de 2,7% y acumula un 40,7% en los \u00faltimos doce meses"},"content":{"rendered":"\n<p>El Indec dio a conocer la cifra de incremento del costo de vida empujado por la suba de los precios no regulados como los servicios y equipamiento y funcionamiento del hogar. Es la segunda m\u00e1s alta del a\u00f1o<\/p>\n\n\n\n<p>El Instituto Nacional de Estad\u00edsticas y Censos dio a conocer el n\u00famero de la inflaci\u00f3n de agosto pasado. Seg\u00fan el informe mensual,&nbsp;el costo de vida se increment\u00f3 2,7%, lo que muestra una aceleraci\u00f3n respecto de los meses anteriores, y acumula un incremento de 40,7% desde agosto de 2019.<\/p>\n\n\n\n<p>Con este n\u00famero,&nbsp;el acumulado en lo que va del a\u00f1o es de 18,9%&nbsp;por lo que resta 13% para los pr\u00f3ximos meses para alcanzar la estimaci\u00f3n de 32% que&nbsp;<a href=\"https:\/\/www.infobae.com\/economia\/2020\/09\/15\/martin-guzman-presento-el-presupuesto-2021-inflacion-de-29-dolar-a-1025-pesos-y-un-crecimiento-de-55-por-ciento\/#:~:text=Mart%C3%ADn%20Guzm%C3%A1n%20present%C3%B3%20el%20Presupuesto,5%2C5%20por%20ciento%20%2D%20Infobae\" target=\"_blank\" rel=\"noreferrer noopener\">se\u00f1ala el proyecto de Presupuesto Nacional 2021<\/a>&nbsp;que ser\u00e1 la inflaci\u00f3n de este a\u00f1o.<\/p>\n\n\n\n<p>A la hora de realizar el desagregado del costo de vida de agosto pasado, el trabajo del Indec se\u00f1ala que la divisi\u00f3n&nbsp;Alimentos y bebidas no alcoh\u00f3licas (3,5%) fue la que mostr\u00f3 la mayor suba e incidencia en agosto.&nbsp;Los aumentos observados en Verduras, tub\u00e9rculos y legumbres; Frutas; Caf\u00e9, t\u00e9, yerba y cacao; Aguas minerales, bebidas gaseosas y jugos; y Carnes y derivados explican la mayor parte del incremento.<\/p>\n\n\n\n<p>En segundo lugar, se destacaron los aumentos en las divisiones&nbsp;Equipamiento y mantenimiento del hogar (3,5%) y Recreaci\u00f3n y cultura (3,3%).&nbsp;En el primer caso, por aumentos observados en bienes para el hogar (muebles, textiles y artefactos) mientras que en el segundo caso incidieron los incrementos en libros, diarios y revistas, y juguetes. En ambos casos las subas en electrodom\u00e9sticos y productos electr\u00f3nicos tambi\u00e9n incidieron en los incrementos.<\/p>\n\n\n\n<p>Principalmente por las subas en Verduras, tub\u00e9rculos y legumbres y Frutas,&nbsp;la categor\u00eda Estacionales (4%) fue la de mayor aumento en agosto. Por el contrario, los Regulados (1%) registraron el menor incremento en el per\u00edodo debido a la estabilidad de los rubros importantes que integran esta categor\u00eda, en particular las tarifas de servicios p\u00fablicos, los planes de telefon\u00eda celular y los servicios educativos. El IPC N\u00facleo observ\u00f3 un alza de 3,0% en agosto.<\/p>\n","protected":false},"excerpt":{"rendered":"<p>El Indec dio a conocer la cifra de incremento del costo de vida empujado por la suba de los precios no regulados como los servicios y equipamiento y funcionamiento del hogar. Es la segunda m\u00e1s alta del a\u00f1o El Instituto Nacional de Estad\u00edsticas y Censos dio a conocer el n\u00famero de la inflaci\u00f3n de agosto [&hellip;]<\/p>\n","protected":false},"author":2,"featured_media":5916,"comment_status":"open","ping_status":"open","sticky":false,"template":"","format":"standard","meta":{"tdm_status":"","tdm_grid_status":"","_joinchat":[],"footnotes":""},"categories":[60],"tags":[],"class_list":{"0":"post-5915","1":"post","2":"type-post","3":"status-publish","4":"format-standard","5":"has-post-thumbnail","7":"category-economia"},"amp_enabled":true,"_links":{"self":[{"href":"https:\/\/www.todoeldia.com\/index.php\/wp-json\/wp\/v2\/posts\/5915","targetHints":{"allow":["GET"]}}],"collection":[{"href":"https:\/\/www.todoeldia.com\/index.php\/wp-json\/wp\/v2\/posts"}],"about":[{"href":"https:\/\/www.todoeldia.com\/index.php\/wp-json\/wp\/v2\/types\/post"}],"author":[{"embeddable":true,"href":"https:\/\/www.todoeldia.com\/index.php\/wp-json\/wp\/v2\/users\/2"}],"replies":[{"embeddable":true,"href":"https:\/\/www.todoeldia.com\/index.php\/wp-json\/wp\/v2\/comments?post=5915"}],"version-history":[{"count":1,"href":"https:\/\/www.todoeldia.com\/index.php\/wp-json\/wp\/v2\/posts\/5915\/revisions"}],"predecessor-version":[{"id":5917,"href":"https:\/\/www.todoeldia.com\/index.php\/wp-json\/wp\/v2\/posts\/5915\/revisions\/5917"}],"wp:featuredmedia":[{"embeddable":true,"href":"https:\/\/www.todoeldia.com\/index.php\/wp-json\/wp\/v2\/media\/5916"}],"wp:attachment":[{"href":"https:\/\/www.todoeldia.com\/index.php\/wp-json\/wp\/v2\/media?parent=5915"}],"wp:term":[{"taxonomy":"category","embeddable":true,"href":"https:\/\/www.todoeldia.com\/index.php\/wp-json\/wp\/v2\/categories?post=5915"},{"taxonomy":"post_tag","embeddable":true,"href":"https:\/\/www.todoeldia.com\/index.php\/wp-json\/wp\/v2\/tags?post=5915"}],"curies":[{"name":"wp","href":"https:\/\/api.w.org\/{rel}","templated":true}]}}