{"id":5932,"date":"2020-09-17T09:29:11","date_gmt":"2020-09-17T12:29:11","guid":{"rendered":"https:\/\/www.todoeldia.com\/?p=5932"},"modified":"2020-09-17T09:33:06","modified_gmt":"2020-09-17T12:33:06","slug":"pervertido-a-juicio-por-abuso-sexual-contra-su-hijastra-y-una-amiguita-de-10-y-12-anos","status":"publish","type":"post","link":"https:\/\/www.todoeldia.com\/index.php\/2020\/09\/17\/pervertido-a-juicio-por-abuso-sexual-contra-su-hijastra-y-una-amiguita-de-10-y-12-anos\/","title":{"rendered":"Pervertido a juicio por abuso sexual contra su hijastra y una amiguita de 10 y 12 a\u00f1os"},"content":{"rendered":"\n<p>El fiscal penal 1 de la Unidad de Delitos contra la Integridad Sexual, Federico Obeid, requiri\u00f3 ante el Juzgado de Garant\u00edas 3, la elevaci\u00f3n a juicio de la causa que tiene como imputado a un hombre de 28 a\u00f1os, acusado del delito de abuso sexual gravemente ultrajante por su duraci\u00f3n y circunstancias de su realizaci\u00f3n, agravado por la guarda y continuado en perjuicio de una menor, en concurso real con abuso sexual gravemente ultrajante por su duraci\u00f3n y circunstancias de su realizaci\u00f3n, agravado por la guarda y la convivencia y continuado, en perjuicio de otra menor.<\/p>\n\n\n\n<p>A trav\u00e9s&nbsp;de los relatos veros\u00edmiles de las v\u00edctimas de 12 y 10 a\u00f1os, en el momento en que los hechos fueron denunciados,&nbsp;pudo conocerse que hubo tocamientos inverecundos por parte del acusado, padrastro de la ni\u00f1a menor.<\/p>\n\n\n\n<p>En su declaraci\u00f3n,&nbsp;la ni\u00f1a de 12 a\u00f1os relat\u00f3 que en reiteradas oportunidades, cuando se quedaba a dormir en la casa de su amiga, ubicada en zona este de la Ciudad de Salta, el acusado abus\u00f3 de ella y la someti\u00f3 a tocamientos, desde que ten\u00eda 7 a\u00f1os.<\/p>\n\n\n\n<p>En tanto,&nbsp;la ni\u00f1a de 10 a\u00f1os expres\u00f3 que el acusado, esposo de su madre, la someti\u00f3 a tocamientos desde que ten\u00eda 5 a\u00f1os y que los hechos ocurrieron en reiteradas oportunidades, cuando su mam\u00e1 (la denunciante) se iba a estudiar.<\/p>\n\n\n\n<p>Ambas menores sostuvieron que&nbsp;el acusado las amenazaba con que les pasar\u00eda algo peor si contaban lo sucedido, mientras que a la menor, le dijo que matar\u00eda a su mam\u00e1.<\/p>\n\n\n\n<p>Tales manoseos se repitieron hasta el momento de la denuncia, radicada en diciembre de 2018.<\/p>\n","protected":false},"excerpt":{"rendered":"<p>El fiscal penal 1 de la Unidad de Delitos contra la Integridad Sexual, Federico Obeid, requiri\u00f3 ante el Juzgado de Garant\u00edas 3, la elevaci\u00f3n a juicio de la causa que tiene como imputado a un hombre de 28 a\u00f1os, acusado del delito de abuso sexual gravemente ultrajante por su duraci\u00f3n y circunstancias de su realizaci\u00f3n, [&hellip;]<\/p>\n","protected":false},"author":2,"featured_media":5936,"comment_status":"open","ping_status":"open","sticky":false,"template":"","format":"standard","meta":{"tdm_status":"","tdm_grid_status":"","_joinchat":[],"footnotes":""},"categories":[63],"tags":[],"class_list":{"0":"post-5932","1":"post","2":"type-post","3":"status-publish","4":"format-standard","5":"has-post-thumbnail","7":"category-policiales"},"amp_enabled":true,"_links":{"self":[{"href":"https:\/\/www.todoeldia.com\/index.php\/wp-json\/wp\/v2\/posts\/5932","targetHints":{"allow":["GET"]}}],"collection":[{"href":"https:\/\/www.todoeldia.com\/index.php\/wp-json\/wp\/v2\/posts"}],"about":[{"href":"https:\/\/www.todoeldia.com\/index.php\/wp-json\/wp\/v2\/types\/post"}],"author":[{"embeddable":true,"href":"https:\/\/www.todoeldia.com\/index.php\/wp-json\/wp\/v2\/users\/2"}],"replies":[{"embeddable":true,"href":"https:\/\/www.todoeldia.com\/index.php\/wp-json\/wp\/v2\/comments?post=5932"}],"version-history":[{"count":2,"href":"https:\/\/www.todoeldia.com\/index.php\/wp-json\/wp\/v2\/posts\/5932\/revisions"}],"predecessor-version":[{"id":5935,"href":"https:\/\/www.todoeldia.com\/index.php\/wp-json\/wp\/v2\/posts\/5932\/revisions\/5935"}],"wp:featuredmedia":[{"embeddable":true,"href":"https:\/\/www.todoeldia.com\/index.php\/wp-json\/wp\/v2\/media\/5936"}],"wp:attachment":[{"href":"https:\/\/www.todoeldia.com\/index.php\/wp-json\/wp\/v2\/media?parent=5932"}],"wp:term":[{"taxonomy":"category","embeddable":true,"href":"https:\/\/www.todoeldia.com\/index.php\/wp-json\/wp\/v2\/categories?post=5932"},{"taxonomy":"post_tag","embeddable":true,"href":"https:\/\/www.todoeldia.com\/index.php\/wp-json\/wp\/v2\/tags?post=5932"}],"curies":[{"name":"wp","href":"https:\/\/api.w.org\/{rel}","templated":true}]}}