{"id":59465,"date":"2023-06-14T11:12:54","date_gmt":"2023-06-14T14:12:54","guid":{"rendered":"https:\/\/www.todoeldia.com\/?p=59465"},"modified":"2023-06-14T11:12:56","modified_gmt":"2023-06-14T14:12:56","slug":"discutio-con-dos-motociclistas-le-tiro-la-camioneta-encima-y-mato-a-uno-de-ellos-en-oran","status":"publish","type":"post","link":"https:\/\/www.todoeldia.com\/index.php\/2023\/06\/14\/discutio-con-dos-motociclistas-le-tiro-la-camioneta-encima-y-mato-a-uno-de-ellos-en-oran\/","title":{"rendered":"Discuti\u00f3 con dos motociclistas, le tiro la camioneta encima y mat\u00f3 a uno de ellos en Or\u00e1n"},"content":{"rendered":"\n<p>El hecho ocurri\u00f3 en diciembre de 2019 cuando el acusado embisti\u00f3 con su camioneta a una motocicleta y caus\u00f3 la muerte de uno de sus ocupantes y puso en riesgo la vida del acompa\u00f1ante. Al declarar, el imputado neg\u00f3 haber colisionado al rodado.<\/p>\n\n\n\n<p>La fiscal penal de la Unidad de Graves Atentados contra las Personas de Or\u00e1n, Claudia Carreras, representa al Ministerio P\u00fablico Fiscal ante la Sala II del Tribunal de Juicio de ese distrito en la audiencia de debate contra Cristian Alfredo Ab\u00e1n como autor del delito de homicidio simple en perjuicio de Gast\u00f3n Campos y tentativa de homicidio en perjuicio de Gonzalo M\u00e9ndez.<\/p>\n\n\n\n<p>El Tribunal se encuentra integrado por los jueces Mar\u00eda Laura Toledo Zamora, Ra\u00fal Fernando L\u00f3pez y H\u00e9ctor Fabi\u00e1n Fayos, quienes luego de la lectura del requerimiento a juicio, escucharon la declaraci\u00f3n de una de las v\u00edctimas, quien relat\u00f3 lo sucedido la madrugada del 25 de diciembre de 2019.<\/p>\n\n\n\n<p>Tambi\u00e9n prest\u00f3 declaraci\u00f3n el acusado, quien hizo su relato de lo sucedido y neg\u00f3 haber embestido a la motocicleta donde viajaban ambos j\u00f3venes.<\/p>\n\n\n\n<p>Seg\u00fan consta en las actuaciones, el acusado conduc\u00eda una camioneta con la que, tras una disputa, embisti\u00f3 a una motocicleta donde viajaban Campos y M\u00e9ndez, provocando la muerte de uno y poniendo en riesgo la vida del otro.<\/p>\n\n\n\n<p>La audiencia se reanudar\u00e1 este mi\u00e9rcoles y est\u00e1 previsto que se reproduzcan las c\u00e1maras de seguridad que se encuentran incorporadas como prueba en la causa.<\/p>\n","protected":false},"excerpt":{"rendered":"<p>El hecho ocurri\u00f3 en diciembre de 2019 cuando el acusado embisti\u00f3 con su camioneta a una motocicleta y caus\u00f3 la muerte de uno de sus ocupantes y puso en riesgo la vida del acompa\u00f1ante. Al declarar, el imputado neg\u00f3 haber colisionado al rodado. La fiscal penal de la Unidad de Graves Atentados contra las Personas [&hellip;]<\/p>\n","protected":false},"author":2,"featured_media":56858,"comment_status":"open","ping_status":"open","sticky":false,"template":"","format":"standard","meta":{"tdm_status":"","tdm_grid_status":"","_joinchat":[],"footnotes":""},"categories":[63],"tags":[],"class_list":{"0":"post-59465","1":"post","2":"type-post","3":"status-publish","4":"format-standard","5":"has-post-thumbnail","7":"category-policiales"},"amp_enabled":true,"_links":{"self":[{"href":"https:\/\/www.todoeldia.com\/index.php\/wp-json\/wp\/v2\/posts\/59465","targetHints":{"allow":["GET"]}}],"collection":[{"href":"https:\/\/www.todoeldia.com\/index.php\/wp-json\/wp\/v2\/posts"}],"about":[{"href":"https:\/\/www.todoeldia.com\/index.php\/wp-json\/wp\/v2\/types\/post"}],"author":[{"embeddable":true,"href":"https:\/\/www.todoeldia.com\/index.php\/wp-json\/wp\/v2\/users\/2"}],"replies":[{"embeddable":true,"href":"https:\/\/www.todoeldia.com\/index.php\/wp-json\/wp\/v2\/comments?post=59465"}],"version-history":[{"count":1,"href":"https:\/\/www.todoeldia.com\/index.php\/wp-json\/wp\/v2\/posts\/59465\/revisions"}],"predecessor-version":[{"id":59466,"href":"https:\/\/www.todoeldia.com\/index.php\/wp-json\/wp\/v2\/posts\/59465\/revisions\/59466"}],"wp:featuredmedia":[{"embeddable":true,"href":"https:\/\/www.todoeldia.com\/index.php\/wp-json\/wp\/v2\/media\/56858"}],"wp:attachment":[{"href":"https:\/\/www.todoeldia.com\/index.php\/wp-json\/wp\/v2\/media?parent=59465"}],"wp:term":[{"taxonomy":"category","embeddable":true,"href":"https:\/\/www.todoeldia.com\/index.php\/wp-json\/wp\/v2\/categories?post=59465"},{"taxonomy":"post_tag","embeddable":true,"href":"https:\/\/www.todoeldia.com\/index.php\/wp-json\/wp\/v2\/tags?post=59465"}],"curies":[{"name":"wp","href":"https:\/\/api.w.org\/{rel}","templated":true}]}}