{"id":59477,"date":"2023-06-14T12:39:35","date_gmt":"2023-06-14T15:39:35","guid":{"rendered":"https:\/\/www.todoeldia.com\/?p=59477"},"modified":"2023-06-14T12:39:53","modified_gmt":"2023-06-14T15:39:53","slug":"embarazada-viajaba-en-colectivo-de-bolivia-a-buenos-aires-tuvo-a-su-bebe-en-metan","status":"publish","type":"post","link":"https:\/\/www.todoeldia.com\/index.php\/2023\/06\/14\/embarazada-viajaba-en-colectivo-de-bolivia-a-buenos-aires-tuvo-a-su-bebe-en-metan\/","title":{"rendered":"Embarazada viajaba en colectivo de Bolivia a Buenos Aires tuvo a su bebe en Metan"},"content":{"rendered":"\n<p>Momentos tensos se vivieron anoche en la zona del Parador San Jos\u00e9 de Metan donde se detuvo un colectivo de la empresa Brown porque una mujer que viajaba hab\u00eda iniciado con el trabajo de parto. Tras ser internada en el hospital Del Carmen, dio a luz cerca de las diez de la noche a una nena que pesa tres kilos y medios.<\/p>\n\n\n\n<p>Una mujer con ocho meses de gestaci\u00f3n que viajaba en la empresa Brown con origen en Bolivia y destino a Rafaela, comenz\u00f3 con trabajos de parto alrededor de las siete de la tarde de ayer al momento que el coche se acercaba a la ciudad de Met\u00e1n. Luego de estacionarse en la zona del parador de la terminal, un m\u00f3vil policial se acerc\u00f3 al lugar mientras que la mujer era asistida por los trabajadores del lugar.<\/p>\n\n\n\n<p>Tras la llegada de una ambulancia, la joven fue trasladada hacia el hospital Del Carmen donde qued\u00f3 internada con asistencia m\u00e9dica. Alrededor de las diez de la noche, asistida por el doctor Gonz\u00e1lez, la mujer dio a luz mediante parto normal a una nena de tres kilos y medio.<\/p>\n\n\n\n<p>Seg\u00fan lo que se pudo conocer, el parto fue con normalidad y la mujer derivada a una sala com\u00fan.<\/p>\n\n\n\n<p>El Vocero de Metan<\/p>\n","protected":false},"excerpt":{"rendered":"<p>Momentos tensos se vivieron anoche en la zona del Parador San Jos\u00e9 de Metan donde se detuvo un colectivo de la empresa Brown porque una mujer que viajaba hab\u00eda iniciado con el trabajo de parto. Tras ser internada en el hospital Del Carmen, dio a luz cerca de las diez de la noche a una [&hellip;]<\/p>\n","protected":false},"author":2,"featured_media":59478,"comment_status":"open","ping_status":"open","sticky":false,"template":"","format":"standard","meta":{"tdm_status":"","tdm_grid_status":"","_joinchat":[],"footnotes":""},"categories":[73],"tags":[],"class_list":{"0":"post-59477","1":"post","2":"type-post","3":"status-publish","4":"format-standard","5":"has-post-thumbnail","7":"category-noticias-general"},"amp_enabled":true,"_links":{"self":[{"href":"https:\/\/www.todoeldia.com\/index.php\/wp-json\/wp\/v2\/posts\/59477","targetHints":{"allow":["GET"]}}],"collection":[{"href":"https:\/\/www.todoeldia.com\/index.php\/wp-json\/wp\/v2\/posts"}],"about":[{"href":"https:\/\/www.todoeldia.com\/index.php\/wp-json\/wp\/v2\/types\/post"}],"author":[{"embeddable":true,"href":"https:\/\/www.todoeldia.com\/index.php\/wp-json\/wp\/v2\/users\/2"}],"replies":[{"embeddable":true,"href":"https:\/\/www.todoeldia.com\/index.php\/wp-json\/wp\/v2\/comments?post=59477"}],"version-history":[{"count":1,"href":"https:\/\/www.todoeldia.com\/index.php\/wp-json\/wp\/v2\/posts\/59477\/revisions"}],"predecessor-version":[{"id":59479,"href":"https:\/\/www.todoeldia.com\/index.php\/wp-json\/wp\/v2\/posts\/59477\/revisions\/59479"}],"wp:featuredmedia":[{"embeddable":true,"href":"https:\/\/www.todoeldia.com\/index.php\/wp-json\/wp\/v2\/media\/59478"}],"wp:attachment":[{"href":"https:\/\/www.todoeldia.com\/index.php\/wp-json\/wp\/v2\/media?parent=59477"}],"wp:term":[{"taxonomy":"category","embeddable":true,"href":"https:\/\/www.todoeldia.com\/index.php\/wp-json\/wp\/v2\/categories?post=59477"},{"taxonomy":"post_tag","embeddable":true,"href":"https:\/\/www.todoeldia.com\/index.php\/wp-json\/wp\/v2\/tags?post=59477"}],"curies":[{"name":"wp","href":"https:\/\/api.w.org\/{rel}","templated":true}]}}