{"id":59520,"date":"2023-06-14T20:18:14","date_gmt":"2023-06-14T23:18:14","guid":{"rendered":"https:\/\/www.todoeldia.com\/?p=59520"},"modified":"2023-06-14T20:18:15","modified_gmt":"2023-06-14T23:18:15","slug":"juicio-a-policias-testigos-declararon-que-los-efectivos-tiraron-piedras-contra-la-vivienda-del-damnificado","status":"publish","type":"post","link":"https:\/\/www.todoeldia.com\/index.php\/2023\/06\/14\/juicio-a-policias-testigos-declararon-que-los-efectivos-tiraron-piedras-contra-la-vivienda-del-damnificado\/","title":{"rendered":"Juicio a polic\u00edas: testigos declararon que los efectivos tiraron piedras contra la vivienda del damnificado"},"content":{"rendered":"\n<p>Se trata de nueve efectivos policiales que est\u00e1n siendo juzgados por los delitos de allanamiento ilegal, vejaciones agravadas por la violencia y lesiones graves en concurso ideal, todo en concurso real. Tres de ellos, adem\u00e1s, por el delito de falsedad ideol\u00f3gica. El hecho ocurri\u00f3 el 19 de diciembre de 2020, en un domicilio de barrio Bicentenario.<\/p>\n\n\n\n<p>El fiscal penal de Derechos Humanos, Gabriel Gonz\u00e1lez, representa al Ministerio P\u00fablico Fiscal en la audiencia de debate contra los polic\u00edas que protagonizaron un hecho de abuso policial, por el que el damnificado result\u00f3 con fractura de mand\u00edbula. La audiencia continu\u00f3 este mi\u00e9rcoles con una nueva ronda de testimoniales, durante la cual prestaron declaraci\u00f3n tres testigos.<\/p>\n\n\n\n<p>En primer lugar, una m\u00e9dica de la Alcaid\u00eda General dio lectura a la ficha m\u00e9dica de la v\u00edctima, se trata de un registro m\u00e9dico de las personas alojadas en dicha instituci\u00f3n penal. La profesional inform\u00f3 que el damnificado recibi\u00f3 atenci\u00f3n en el servicio de Odontolog\u00eda del Hospital San Bernardo y posteriormente fue derivado para una cirug\u00eda buco maxilofacial debido a un traumatismo, atenci\u00f3n que fue consignada.<\/p>\n\n\n\n<p>Posteriormente, declar\u00f3 el enfermero que brind\u00f3 atenci\u00f3n al damnificado. Detall\u00f3 las lesiones que constat\u00f3 al momento de su ingreso al servicio de la Alcaid\u00eda, las cuales ya hab\u00edan sido observadas previamente por el m\u00e9dico legal y la m\u00e9dica del Hospital San Bernardo. El enfermero confirm\u00f3 el diagn\u00f3stico de fractura de mand\u00edbula y tambi\u00e9n advirti\u00f3 la presencia de otras lesiones en su cuerpo, como inflamaci\u00f3n en el rostro y una excoriaci\u00f3n suturada en uno de sus brazos.<\/p>\n\n\n\n<p>A su turno, se escuch\u00f3 el testimonio del investigador de la Unidad Especial de Investigaciones del CIF, quien actu\u00f3 como investigador civil en el caso. Inform\u00f3 que llev\u00f3 a cabo entrevistas con vecinos de la zona donde ocurri\u00f3 el hecho. Seg\u00fan los testimonios recopilados, se hicieron presentes veh\u00edculos policiales en el lugar, seguido de un intercambio de lanzamiento de piedras tanto por parte de los vecinos como por parte de los efectivos policiales. Los testigos tambi\u00e9n afirmaron haber escuchado disparos por parte de la polic\u00eda. Una de los testigos relat\u00f3 que vio a un joven ensangrentado siendo retirado de la vivienda, y alcanz\u00f3 a ver su rostro. Mencion\u00f3 haber visto a un polic\u00eda golpe\u00e1ndolo con una piedra.<\/p>\n\n\n\n<p>Por otro lado, otra testigo manifest\u00f3 que se encontraba a una distancia que no le permit\u00eda distinguir si el damnificado presentaba lesiones o no. Sin embargo, pudo observar que sacaron a un detenido de la vivienda. Seg\u00fan los movimientos que pudo distinguir, parec\u00eda que estaba siendo golpeado por parte de los efectivos policiales una vez que la v\u00edctima se encontraba en el veh\u00edculo policial. No obstante, debido a la distancia, no pudo determinar con precisi\u00f3n los detalles de lo ocurrido.<\/p>\n\n\n\n<p>La audiencia de debate pas\u00f3 a un cuarto intermedio hasta ma\u00f1ana, de acuerdo a lo dispuesto por la Jueza de la Sala V del Tribunal de Juicio, M\u00f3nica Faber.<\/p>\n\n\n\n<p>Cabe recordar que los acusados son el sargento Aldo Daniel Chauque, el cabo Santiago Delf\u00edn Jonatan Alcoba, el suboficial principal Leonardo Corrillo, la cabo Mar\u00eda Jos\u00e9 Miranda, el sargento ayudante Jorge Valdiviezo, el sargento Jorge Alberto Saracho Dermith, el cabo \u00c1lvaro Nicol\u00e1s Guanca, el agente Cristian Cruz y el suboficial principal Leonardo Corrillo.<\/p>\n\n\n\n<p>Como \u201camicus curiae\u201d (amigos del Tribunal) est\u00e1n presentes representantes de la Secretar\u00eda de Derechos Humanos y el Comit\u00e9 Provincial para la Prevenci\u00f3n de la Tortura, cuya participaci\u00f3n no es vinculante y no integran ninguna de las partes.<\/p>\n","protected":false},"excerpt":{"rendered":"<p>Se trata de nueve efectivos policiales que est\u00e1n siendo juzgados por los delitos de allanamiento ilegal, vejaciones agravadas por la violencia y lesiones graves en concurso ideal, todo en concurso real. Tres de ellos, adem\u00e1s, por el delito de falsedad ideol\u00f3gica. El hecho ocurri\u00f3 el 19 de diciembre de 2020, en un domicilio de barrio [&hellip;]<\/p>\n","protected":false},"author":2,"featured_media":22210,"comment_status":"open","ping_status":"open","sticky":false,"template":"","format":"standard","meta":{"tdm_status":"","tdm_grid_status":"","_joinchat":[],"footnotes":""},"categories":[63],"tags":[],"class_list":{"0":"post-59520","1":"post","2":"type-post","3":"status-publish","4":"format-standard","5":"has-post-thumbnail","7":"category-policiales"},"amp_enabled":true,"_links":{"self":[{"href":"https:\/\/www.todoeldia.com\/index.php\/wp-json\/wp\/v2\/posts\/59520","targetHints":{"allow":["GET"]}}],"collection":[{"href":"https:\/\/www.todoeldia.com\/index.php\/wp-json\/wp\/v2\/posts"}],"about":[{"href":"https:\/\/www.todoeldia.com\/index.php\/wp-json\/wp\/v2\/types\/post"}],"author":[{"embeddable":true,"href":"https:\/\/www.todoeldia.com\/index.php\/wp-json\/wp\/v2\/users\/2"}],"replies":[{"embeddable":true,"href":"https:\/\/www.todoeldia.com\/index.php\/wp-json\/wp\/v2\/comments?post=59520"}],"version-history":[{"count":1,"href":"https:\/\/www.todoeldia.com\/index.php\/wp-json\/wp\/v2\/posts\/59520\/revisions"}],"predecessor-version":[{"id":59521,"href":"https:\/\/www.todoeldia.com\/index.php\/wp-json\/wp\/v2\/posts\/59520\/revisions\/59521"}],"wp:featuredmedia":[{"embeddable":true,"href":"https:\/\/www.todoeldia.com\/index.php\/wp-json\/wp\/v2\/media\/22210"}],"wp:attachment":[{"href":"https:\/\/www.todoeldia.com\/index.php\/wp-json\/wp\/v2\/media?parent=59520"}],"wp:term":[{"taxonomy":"category","embeddable":true,"href":"https:\/\/www.todoeldia.com\/index.php\/wp-json\/wp\/v2\/categories?post=59520"},{"taxonomy":"post_tag","embeddable":true,"href":"https:\/\/www.todoeldia.com\/index.php\/wp-json\/wp\/v2\/tags?post=59520"}],"curies":[{"name":"wp","href":"https:\/\/api.w.org\/{rel}","templated":true}]}}