{"id":59532,"date":"2023-06-15T14:07:37","date_gmt":"2023-06-15T17:07:37","guid":{"rendered":"https:\/\/www.todoeldia.com\/?p=59532"},"modified":"2023-06-15T14:07:38","modified_gmt":"2023-06-15T17:07:38","slug":"otra-verguenza-en-salta-juntos-y-amontonados-en-union-por-la-patria-ex-frente-de-todos","status":"publish","type":"post","link":"https:\/\/www.todoeldia.com\/index.php\/2023\/06\/15\/otra-verguenza-en-salta-juntos-y-amontonados-en-union-por-la-patria-ex-frente-de-todos\/","title":{"rendered":"Otra verg\u00fcenza en Salta: juntos y amontonados en Uni\u00f3n por la Patria, ex Frente de Todos \u00a0"},"content":{"rendered":"\n<p>Justicialistas, camporistas, kirchneristas, saencistas ahora todos juntos y amontonados bajo el nuevo sello partidario creado por Cristina Kirchner \u201cUni\u00f3n por la patria\u201d para competir en las elecciones presidenciales.<\/p>\n\n\n\n<p>Ayer venci\u00f3 el plazo para la presentaci\u00f3n de los frentes y en Salta el desaparecido \u201cFrente de Todos\u201d se llama ahora \u201cUni\u00f3n por la patria\u201d como en todo el pa\u00eds.<\/p>\n\n\n\n<p>Lo integran el Partido Justicialista, Partido de la Victoria, Partido Frente Salte\u00f1o, Partido Representar, Partido Igualar, Partido Memoria y Movilizaci\u00f3n Social, Partido del Trabajo y la Equidad, Partido Uni\u00f3n Victoria Popular, Partido Federal Alternativo Regional Organizado, Partido Frente Grande, Partido Patria Grande, Partido de la Cultura, la Educaci\u00f3n y el Trabajo, Partido Instrumento Electoral por la Unidad Popular, Partido Kolina, Partido Felicidad, Partido Movimiento Popular Unido, Partido del Trabajo y el Pueblo.<\/p>\n","protected":false},"excerpt":{"rendered":"<p>Justicialistas, camporistas, kirchneristas, saencistas ahora todos juntos y amontonados bajo el nuevo sello partidario creado por Cristina Kirchner \u201cUni\u00f3n por la patria\u201d para competir en las elecciones presidenciales. Ayer venci\u00f3 el plazo para la presentaci\u00f3n de los frentes y en Salta el desaparecido \u201cFrente de Todos\u201d se llama ahora \u201cUni\u00f3n por la patria\u201d como en [&hellip;]<\/p>\n","protected":false},"author":2,"featured_media":59534,"comment_status":"open","ping_status":"open","sticky":false,"template":"","format":"standard","meta":{"tdm_status":"","tdm_grid_status":"","_joinchat":[],"footnotes":""},"categories":[59],"tags":[],"class_list":{"0":"post-59532","1":"post","2":"type-post","3":"status-publish","4":"format-standard","5":"has-post-thumbnail","7":"category-politica"},"amp_enabled":true,"_links":{"self":[{"href":"https:\/\/www.todoeldia.com\/index.php\/wp-json\/wp\/v2\/posts\/59532","targetHints":{"allow":["GET"]}}],"collection":[{"href":"https:\/\/www.todoeldia.com\/index.php\/wp-json\/wp\/v2\/posts"}],"about":[{"href":"https:\/\/www.todoeldia.com\/index.php\/wp-json\/wp\/v2\/types\/post"}],"author":[{"embeddable":true,"href":"https:\/\/www.todoeldia.com\/index.php\/wp-json\/wp\/v2\/users\/2"}],"replies":[{"embeddable":true,"href":"https:\/\/www.todoeldia.com\/index.php\/wp-json\/wp\/v2\/comments?post=59532"}],"version-history":[{"count":1,"href":"https:\/\/www.todoeldia.com\/index.php\/wp-json\/wp\/v2\/posts\/59532\/revisions"}],"predecessor-version":[{"id":59535,"href":"https:\/\/www.todoeldia.com\/index.php\/wp-json\/wp\/v2\/posts\/59532\/revisions\/59535"}],"wp:featuredmedia":[{"embeddable":true,"href":"https:\/\/www.todoeldia.com\/index.php\/wp-json\/wp\/v2\/media\/59534"}],"wp:attachment":[{"href":"https:\/\/www.todoeldia.com\/index.php\/wp-json\/wp\/v2\/media?parent=59532"}],"wp:term":[{"taxonomy":"category","embeddable":true,"href":"https:\/\/www.todoeldia.com\/index.php\/wp-json\/wp\/v2\/categories?post=59532"},{"taxonomy":"post_tag","embeddable":true,"href":"https:\/\/www.todoeldia.com\/index.php\/wp-json\/wp\/v2\/tags?post=59532"}],"curies":[{"name":"wp","href":"https:\/\/api.w.org\/{rel}","templated":true}]}}