{"id":59559,"date":"2023-06-15T15:06:19","date_gmt":"2023-06-15T18:06:19","guid":{"rendered":"https:\/\/www.todoeldia.com\/?p=59559"},"modified":"2023-06-15T15:06:21","modified_gmt":"2023-06-15T18:06:21","slug":"apunalo-a-un-hombre-en-un-omnibus-del-corredor-1-c-y-la-justicia-lo-mando-a-la-casa","status":"publish","type":"post","link":"https:\/\/www.todoeldia.com\/index.php\/2023\/06\/15\/apunalo-a-un-hombre-en-un-omnibus-del-corredor-1-c-y-la-justicia-lo-mando-a-la-casa\/","title":{"rendered":"Apu\u00f1al\u00f3 a un hombre en un \u00f3mnibus del corredor 1 C y la justicia lo mando a la casa"},"content":{"rendered":"\n<p>Un joven fue juzgado por un hecho ocurrido el pasado 8 de mayo en una unidad de transporte del Corredor 1 C de la ciudad de Salta, donde un hombre de 20 a\u00f1os fue herido con un arma blanca en el t\u00f3rax. Deber\u00e1 cumplir reglas de conducta y reparar el da\u00f1o.<\/p>\n\n\n\n<p>La fiscal penal 2 de la Unidad de Graves Atentados contra las Personas, Ver\u00f3nica Simesen de Bielke, represent\u00f3 al Ministerio P\u00fablico Fiscal ante el Juzgado de Garant\u00edas 4 del distrito Centro, en la audiencia multiprop\u00f3sito, donde con el acuerdo de las partes, se realiz\u00f3 un juicio abreviado contra un hombre de 20 a\u00f1os como autor del delito de lesiones leves.<\/p>\n\n\n\n<p>El hecho investigado ocurri\u00f3 el 8 de mayo por la tarde, cuando el acusado lesion\u00f3 con un arma blanca a un hombre de 20 a\u00f1os en la zona del t\u00f3rax.<\/p>\n\n\n\n<p>El juez de Garant\u00edas Diego Rodr\u00edguez Pipino, luego de recibir la confesi\u00f3n del acusado, le impuso una pena de 8 meses de prisi\u00f3n de ejecuci\u00f3n condicional, el cumplimiento de reglas de conducta y el pago de una suma de dinero en concepto de reparaci\u00f3n del da\u00f1o al damnificado.<\/p>\n","protected":false},"excerpt":{"rendered":"<p>Un joven fue juzgado por un hecho ocurrido el pasado 8 de mayo en una unidad de transporte del Corredor 1 C de la ciudad de Salta, donde un hombre de 20 a\u00f1os fue herido con un arma blanca en el t\u00f3rax. Deber\u00e1 cumplir reglas de conducta y reparar el da\u00f1o. La fiscal penal 2 [&hellip;]<\/p>\n","protected":false},"author":2,"featured_media":27023,"comment_status":"open","ping_status":"open","sticky":false,"template":"","format":"standard","meta":{"tdm_status":"","tdm_grid_status":"","_joinchat":[],"footnotes":""},"categories":[63],"tags":[],"class_list":{"0":"post-59559","1":"post","2":"type-post","3":"status-publish","4":"format-standard","5":"has-post-thumbnail","7":"category-policiales"},"amp_enabled":true,"_links":{"self":[{"href":"https:\/\/www.todoeldia.com\/index.php\/wp-json\/wp\/v2\/posts\/59559","targetHints":{"allow":["GET"]}}],"collection":[{"href":"https:\/\/www.todoeldia.com\/index.php\/wp-json\/wp\/v2\/posts"}],"about":[{"href":"https:\/\/www.todoeldia.com\/index.php\/wp-json\/wp\/v2\/types\/post"}],"author":[{"embeddable":true,"href":"https:\/\/www.todoeldia.com\/index.php\/wp-json\/wp\/v2\/users\/2"}],"replies":[{"embeddable":true,"href":"https:\/\/www.todoeldia.com\/index.php\/wp-json\/wp\/v2\/comments?post=59559"}],"version-history":[{"count":1,"href":"https:\/\/www.todoeldia.com\/index.php\/wp-json\/wp\/v2\/posts\/59559\/revisions"}],"predecessor-version":[{"id":59560,"href":"https:\/\/www.todoeldia.com\/index.php\/wp-json\/wp\/v2\/posts\/59559\/revisions\/59560"}],"wp:featuredmedia":[{"embeddable":true,"href":"https:\/\/www.todoeldia.com\/index.php\/wp-json\/wp\/v2\/media\/27023"}],"wp:attachment":[{"href":"https:\/\/www.todoeldia.com\/index.php\/wp-json\/wp\/v2\/media?parent=59559"}],"wp:term":[{"taxonomy":"category","embeddable":true,"href":"https:\/\/www.todoeldia.com\/index.php\/wp-json\/wp\/v2\/categories?post=59559"},{"taxonomy":"post_tag","embeddable":true,"href":"https:\/\/www.todoeldia.com\/index.php\/wp-json\/wp\/v2\/tags?post=59559"}],"curies":[{"name":"wp","href":"https:\/\/api.w.org\/{rel}","templated":true}]}}