{"id":59585,"date":"2023-06-16T10:24:42","date_gmt":"2023-06-16T13:24:42","guid":{"rendered":"https:\/\/www.todoeldia.com\/?p=59585"},"modified":"2023-06-16T10:24:45","modified_gmt":"2023-06-16T13:24:45","slug":"degenerado-abusaba-de-su-prima-desde-que-tenia-7-anos","status":"publish","type":"post","link":"https:\/\/www.todoeldia.com\/index.php\/2023\/06\/16\/degenerado-abusaba-de-su-prima-desde-que-tenia-7-anos\/","title":{"rendered":"Degenerado abusaba de su prima desde que ten\u00eda 7 a\u00f1os"},"content":{"rendered":"\n<p>A\u00f1os despu\u00e9s, la menor se anim\u00f3 a contarle a su madre que hab\u00eda sido abusada en reiteras ocasiones por su primo, cuando ella ten\u00eda 7 a\u00f1os. Aprovechaba la ausencia de los padres y hermanos mayores de la ahora adolescente.<\/p>\n\n\n\n<p>El fiscal penal 2 de la Unidad de Delitos Contra la Integridad Sexual (UDIS), Rodrigo Gonz\u00e1lez Miralpeix, requiri\u00f3 juicio ante el Juzgado de Garant\u00edas 2 del Distrito Centro, para un hombre de 24 a\u00f1os, por el delito de abuso sexual gravemente ultrajante por las circunstancias de realizaci\u00f3n y duraci\u00f3n, en contra de una menor.<\/p>\n\n\n\n<p>Las actuaciones se iniciaron tras la denuncia de la madre una menor de 14 a\u00f1os, quien le relat\u00f3 que a la edad de 7 a\u00f1os fue abusada sexualmente por su primo. El hecho se produjo una tarde que su hija volvi\u00f3 de la escuela, sus hermanos a\u00fan no hab\u00edan regresado y ambos padres estaban trabajando.<\/p>\n\n\n\n<p>En aquel entonces, el sobrino de la denunciante resid\u00eda con la familia, ya que su madre lo hab\u00eda expulsado de su hogar. Era \u00e9l quien ocasionalmente llevaba a la menor de regreso a casa despu\u00e9s de la escuela.<\/p>\n\n\n\n<p>Estim\u00f3 la mujer, que el hecho sucedi\u00f3 por octubre de 2015, ya que su hija tuvo un episodio de salud que oblig\u00f3 a llevarla a la m\u00e9dica ginec\u00f3loga, y que, al momento de querer auscultarla, la menor se neg\u00f3.<\/p>\n\n\n\n<p>Por su parte, la menor prest\u00f3 declaraci\u00f3n mediante Circuito Cerrado de Televisi\u00f3n (CCTV), ante una perito psic\u00f3loga del Cuerpo de Investigadores Fiscales (CIF), y relat\u00f3 que los abusos sucedieron en reiteradas oportunidades.<\/p>\n\n\n\n<p>En el requerimiento a juicio, el fiscal Gonz\u00e1lez Miralpeix sostiene que, de los elementos colectados en las actuaciones, se vislumbra un acontecimiento contra la reserva sexual de la ni\u00f1a por parte de su primo, siendo que despleg\u00f3 conductas libidinosas sobre su cuerpo, lo que aconteci\u00f3 con frecuencia diaria.&nbsp; Resalta el coherente testimonio de la menor damnificada, sostenido en el tiempo, lo que refleja la verosimilitud del relato.<\/p>\n\n\n\n<p>Concluye el fiscal de UDIS 2 que \u201cen todos los supuestos, el imputado, vali\u00e9ndose de su superioridad f\u00edsica, de la diferencia de edad existente entre \u00e9l y la v\u00edctima, perpetr\u00f3 un serio acometimiento en contra de la menor, vulnerando su libertad sexual\u201d.<\/p>\n\n\n\n<p>Finaliza aclarando que \u201cla conducta desplegada por el imputado supone un plus de reproche al previsto en la figura b\u00e1sica, dado que por las circunstancias en que la ejecut\u00f3 y la manera en que afect\u00f3 el bien jur\u00eddico, implicaron un ultraje severo y sumamente humillante para la v\u00edctima\u201d.<\/p>\n","protected":false},"excerpt":{"rendered":"<p>A\u00f1os despu\u00e9s, la menor se anim\u00f3 a contarle a su madre que hab\u00eda sido abusada en reiteras ocasiones por su primo, cuando ella ten\u00eda 7 a\u00f1os. Aprovechaba la ausencia de los padres y hermanos mayores de la ahora adolescente. El fiscal penal 2 de la Unidad de Delitos Contra la Integridad Sexual (UDIS), Rodrigo Gonz\u00e1lez [&hellip;]<\/p>\n","protected":false},"author":2,"featured_media":40995,"comment_status":"open","ping_status":"open","sticky":false,"template":"","format":"standard","meta":{"tdm_status":"","tdm_grid_status":"","_joinchat":[],"footnotes":""},"categories":[63],"tags":[],"class_list":{"0":"post-59585","1":"post","2":"type-post","3":"status-publish","4":"format-standard","5":"has-post-thumbnail","7":"category-policiales"},"amp_enabled":true,"_links":{"self":[{"href":"https:\/\/www.todoeldia.com\/index.php\/wp-json\/wp\/v2\/posts\/59585","targetHints":{"allow":["GET"]}}],"collection":[{"href":"https:\/\/www.todoeldia.com\/index.php\/wp-json\/wp\/v2\/posts"}],"about":[{"href":"https:\/\/www.todoeldia.com\/index.php\/wp-json\/wp\/v2\/types\/post"}],"author":[{"embeddable":true,"href":"https:\/\/www.todoeldia.com\/index.php\/wp-json\/wp\/v2\/users\/2"}],"replies":[{"embeddable":true,"href":"https:\/\/www.todoeldia.com\/index.php\/wp-json\/wp\/v2\/comments?post=59585"}],"version-history":[{"count":1,"href":"https:\/\/www.todoeldia.com\/index.php\/wp-json\/wp\/v2\/posts\/59585\/revisions"}],"predecessor-version":[{"id":59586,"href":"https:\/\/www.todoeldia.com\/index.php\/wp-json\/wp\/v2\/posts\/59585\/revisions\/59586"}],"wp:featuredmedia":[{"embeddable":true,"href":"https:\/\/www.todoeldia.com\/index.php\/wp-json\/wp\/v2\/media\/40995"}],"wp:attachment":[{"href":"https:\/\/www.todoeldia.com\/index.php\/wp-json\/wp\/v2\/media?parent=59585"}],"wp:term":[{"taxonomy":"category","embeddable":true,"href":"https:\/\/www.todoeldia.com\/index.php\/wp-json\/wp\/v2\/categories?post=59585"},{"taxonomy":"post_tag","embeddable":true,"href":"https:\/\/www.todoeldia.com\/index.php\/wp-json\/wp\/v2\/tags?post=59585"}],"curies":[{"name":"wp","href":"https:\/\/api.w.org\/{rel}","templated":true}]}}