{"id":59589,"date":"2023-06-16T20:15:57","date_gmt":"2023-06-16T23:15:57","guid":{"rendered":"https:\/\/www.todoeldia.com\/?p=59589"},"modified":"2023-06-16T20:16:00","modified_gmt":"2023-06-16T23:16:00","slug":"todo-mal-para-manuel-cornejo-ex-el-intendente-de-quijano-no-declaro-recuso-al-juez-pidio-su-sobreseimiento-y-la-nulidad-del-juicio","status":"publish","type":"post","link":"https:\/\/www.todoeldia.com\/index.php\/2023\/06\/16\/todo-mal-para-manuel-cornejo-ex-el-intendente-de-quijano-no-declaro-recuso-al-juez-pidio-su-sobreseimiento-y-la-nulidad-del-juicio\/","title":{"rendered":"Todo mal para Manuel Cornejo: ex el intendente de Quijano no declar\u00f3, recuso al juez, pidi\u00f3 su sobreseimiento y la nulidad del juicio"},"content":{"rendered":"\n<p>Este viernes por la tarde comenz\u00f3 la audiencia de debate contra Manuel Cornejo y contra Carmen M\u00e9ndez y tras la lectura del requerimiento a juicio, se plantearon cuestiones preliminares de las defensas. Tras ser rechazadas, comenz\u00f3 la audiencia y los acusados no declararon.<\/p>\n\n\n\n<p>La fiscal penal de la Unidad de Delitos Econ\u00f3micos Complejos, Ana In\u00e9s Salinas Odorisio, representa al Ministerio P\u00fablico Fiscal ante la Sala VI del Tribunal de Juicio del distrito Centro en la audiencia de debate contra Manuel Cornejo como ex intendente de la localidad de Campo Quijano por los delitos de incumplimiento de los deberes de funcionario p\u00fablico y peculado (4 hechos) en concurso real y contra Carmen M\u00e9ndez como exsecretaria de Hacienda de la Municipalidad por los delitos de incumplimiento de los deberes de funcionaria p\u00fablica y peculado, tambi\u00e9n en concurso real.<\/p>\n\n\n\n<p>Tras la lectura del requerimiento a juicio fiscal, los defensores de la acusada M\u00e9ndez plantearon la recusaci\u00f3n al Juez de la Sala VI y solicitaron su apartamiento, la nulidad del proceso y sobreseimiento de su defendida. La fiscal Salinas Odorisio sostuvo que el pedido de recusaci\u00f3n del Tribunal realizado por la defensa de M\u00e9ndez es extempor\u00e1neo, por lo que la solicitud de la defensa debe ser rechazada, a lo que adhiri\u00f3 la querella.<\/p>\n\n\n\n<p>En tanto, la defensa del imputado Cornejo plante\u00f3 la nulidad absoluta de las actuaciones a partir de mayo de 2021 y solicit\u00f3 el sobreseimiento sin audiencia de debate de su representado. En forma subsidiaria plante\u00f3 la nulidad del requerimiento a juicio de la querella en relaci\u00f3n al enriquecimiento il\u00edcito. Ambos planteos fueron rechazados por la fiscal Salinas Odorisio con adhesi\u00f3n de la querella.<\/p>\n\n\n\n<p>Tras un cuarto intermedio, el juez Guillermo Pereyra resolvi\u00f3 respecto a los planteos de la defensa. En el caso de M\u00e9ndez, rechaz\u00f3 la recusaci\u00f3n por considerarla inapropiada y presentada fuera de plazo, lo que hizo que el planteo de nulidad general del procedimiento careciera de sustento para ser considerado. En cuanto a los planteos de la defensa de Cornejo, el juez tambi\u00e9n rechaz\u00f3 la solicitud de nulidad absoluta formulada. En relaci\u00f3n a la solicitud de nulidad parcial sobre la acusaci\u00f3n presentada por la querella, el magistrado consider\u00f3 que era improcedente, ya que esa cuesti\u00f3n ya hab\u00eda sido resuelta previamente en un Juzgado de Garant\u00edas.<\/p>\n\n\n\n<p>El juez rechaz\u00f3 los planteos presentados y procedi\u00f3 a preguntar a los acusados si deseaban prestar declaraci\u00f3n. Tanto M\u00e9ndez como Cornejo, optaron por abstenerse de declarar. Posteriormente, se dio inicio a la ronda de testimoniales con el testimonio de tres personas.<\/p>\n\n\n\n<p>El denunciante Carlos Folloni, quien actualmente ocupa el cargo de intendente de Campo Quijano, no compareci\u00f3 a declarar tal como estaba programado. En su lugar, present\u00f3 una nota solicitando realizar su declaraci\u00f3n por escrito.<\/p>\n\n\n\n<p>El juicio continuar\u00e1 el viernes 23 a las 11 de la ma\u00f1ana.<\/p>\n\n\n\n<p>La intervenci\u00f3n de la UDEC comenz\u00f3 en enero de 2020, cuando Carlos Folloni, present\u00f3 una denuncia ante la falta de registros contables de fondos municipales durante los per\u00edodos comprendidos entre 2017 y 2019. Adem\u00e1s, un informe elaborado por la Auditoria General de la Provincia revel\u00f3 la ausencia de documentaci\u00f3n que respaldara los gastos realizados, el incumplimiento de la normativa financiera y la falta de transparencia en la gesti\u00f3n p\u00fablica de los fondos. Tambi\u00e9n se constat\u00f3 la falta de registros contables que permitieran determinar el destino real de los fondos asignados durante la gesti\u00f3n de Cornejo y verificar la legitimidad de los gastos. Tras investigar los hechos y reunir las pruebas necesarias, la UDEC present\u00f3 el requerimiento de juicio contra los exfuncionarios municipales implicados.<\/p>\n","protected":false},"excerpt":{"rendered":"<p>Este viernes por la tarde comenz\u00f3 la audiencia de debate contra Manuel Cornejo y contra Carmen M\u00e9ndez y tras la lectura del requerimiento a juicio, se plantearon cuestiones preliminares de las defensas. Tras ser rechazadas, comenz\u00f3 la audiencia y los acusados no declararon. La fiscal penal de la Unidad de Delitos Econ\u00f3micos Complejos, Ana In\u00e9s [&hellip;]<\/p>\n","protected":false},"author":2,"featured_media":59590,"comment_status":"open","ping_status":"open","sticky":false,"template":"","format":"standard","meta":{"tdm_status":"","tdm_grid_status":"","_joinchat":[],"footnotes":""},"categories":[63],"tags":[],"class_list":{"0":"post-59589","1":"post","2":"type-post","3":"status-publish","4":"format-standard","5":"has-post-thumbnail","7":"category-policiales"},"amp_enabled":true,"_links":{"self":[{"href":"https:\/\/www.todoeldia.com\/index.php\/wp-json\/wp\/v2\/posts\/59589","targetHints":{"allow":["GET"]}}],"collection":[{"href":"https:\/\/www.todoeldia.com\/index.php\/wp-json\/wp\/v2\/posts"}],"about":[{"href":"https:\/\/www.todoeldia.com\/index.php\/wp-json\/wp\/v2\/types\/post"}],"author":[{"embeddable":true,"href":"https:\/\/www.todoeldia.com\/index.php\/wp-json\/wp\/v2\/users\/2"}],"replies":[{"embeddable":true,"href":"https:\/\/www.todoeldia.com\/index.php\/wp-json\/wp\/v2\/comments?post=59589"}],"version-history":[{"count":1,"href":"https:\/\/www.todoeldia.com\/index.php\/wp-json\/wp\/v2\/posts\/59589\/revisions"}],"predecessor-version":[{"id":59591,"href":"https:\/\/www.todoeldia.com\/index.php\/wp-json\/wp\/v2\/posts\/59589\/revisions\/59591"}],"wp:featuredmedia":[{"embeddable":true,"href":"https:\/\/www.todoeldia.com\/index.php\/wp-json\/wp\/v2\/media\/59590"}],"wp:attachment":[{"href":"https:\/\/www.todoeldia.com\/index.php\/wp-json\/wp\/v2\/media?parent=59589"}],"wp:term":[{"taxonomy":"category","embeddable":true,"href":"https:\/\/www.todoeldia.com\/index.php\/wp-json\/wp\/v2\/categories?post=59589"},{"taxonomy":"post_tag","embeddable":true,"href":"https:\/\/www.todoeldia.com\/index.php\/wp-json\/wp\/v2\/tags?post=59589"}],"curies":[{"name":"wp","href":"https:\/\/api.w.org\/{rel}","templated":true}]}}