{"id":59656,"date":"2023-06-19T13:09:03","date_gmt":"2023-06-19T16:09:03","guid":{"rendered":"https:\/\/www.todoeldia.com\/?p=59656"},"modified":"2023-06-19T13:09:05","modified_gmt":"2023-06-19T16:09:05","slug":"paso-chaquenas-jxc-obtuvo-el-4266-de-los-votos-y-le-saco-casi-seis-puntos-de-ventaja-a-capitanich","status":"publish","type":"post","link":"https:\/\/www.todoeldia.com\/index.php\/2023\/06\/19\/paso-chaquenas-jxc-obtuvo-el-4266-de-los-votos-y-le-saco-casi-seis-puntos-de-ventaja-a-capitanich\/","title":{"rendered":"PASO chaque\u00f1as: JxC obtuvo el 42,66% de los votos y le sac\u00f3 casi seis puntos de ventaja a Capitanich"},"content":{"rendered":"\n<p>En unas elecciones signadas por la baja participaci\u00f3n electoral y el clima enrarecido por el caso de la desaparici\u00f3n de Cecilia Strzyzowski, el actual gobernador arras\u00f3 en su interna, pero Juntos por el Cambio sac\u00f3 m\u00e1s votos que el oficialismo.<\/p>\n\n\n\n<p>En medio de un clima enrarecido en Chaco por la conmoci\u00f3n que genera el caso de la desaparici\u00f3n y presunto femicidio de Cecilia Strzyzowski, el frente Juntos por el Cambio se impuso en las PASO ante el oficialismo del gobernador Jorge Capitanich.<\/p>\n\n\n\n<p>Si bien el mandatario gan\u00f3 con amplia ventaja en su interna y fue el candidato m\u00e1s votado de la elecci\u00f3n, los dos candidatos de JxC sumaron m\u00e1s votos que los del oficialismo.<\/p>\n\n\n\n<p>Este resultado deja un panorama abierto de cara a las elecciones generales del 17 de septiembre, cuando el gobernador peronista buscar\u00e1 su reelecci\u00f3n.<\/p>\n\n\n\n<p>En el inicio del conteo, Capitanich arranc\u00f3 arriba con una leve ventaja, pero a medida que comenzaron a cargarse m\u00e1s mesas, la oposici\u00f3n empez\u00f3 a recortar la ventaja y cerca de las 22.30 se puso adelante.<\/p>\n\n\n\n<p>El escrutinio se daba con demoras y a la medianoche reci\u00e9n se hab\u00edan contado poco m\u00e1s de 31%.<\/p>\n\n\n\n<p>Con el 31,38% de las mesas escrutadas, Juntos por el Cambio alcanzaba el 43,39% sumando los votos de los dos competidores de la interna, en la que se impon\u00eda Juan Carlos Polini, en f\u00f3rmula con Delfina Veirav\u00e9. En segundo lugar, quedaban Leandro Zdero y Silvana Schneider.<\/p>\n\n\n\n<figure class=\"wp-block-image size-large\"><img loading=\"lazy\" decoding=\"async\" width=\"1024\" height=\"683\" src=\"https:\/\/www.todoeldia.com\/wp-content\/uploads\/2023\/06\/image-143-1024x683.png\" alt=\"\" class=\"wp-image-59658\" srcset=\"https:\/\/www.todoeldia.com\/wp-content\/uploads\/2023\/06\/image-143-1024x683.png 1024w, https:\/\/www.todoeldia.com\/wp-content\/uploads\/2023\/06\/image-143-300x200.png 300w, https:\/\/www.todoeldia.com\/wp-content\/uploads\/2023\/06\/image-143-768x512.png 768w, https:\/\/www.todoeldia.com\/wp-content\/uploads\/2023\/06\/image-143-696x464.png 696w, https:\/\/www.todoeldia.com\/wp-content\/uploads\/2023\/06\/image-143-1068x712.png 1068w, https:\/\/www.todoeldia.com\/wp-content\/uploads\/2023\/06\/image-143-630x420.png 630w, https:\/\/www.todoeldia.com\/wp-content\/uploads\/2023\/06\/image-143.png 1200w\" sizes=\"auto, (max-width: 1024px) 100vw, 1024px\" \/><\/figure>\n\n\n\n<p>En tanto, el mandatario provincial, en f\u00f3rmula con Anal\u00eda Rach Quiroga, obten\u00eda el 41,32% de los votos, arrasando en su propia interna del Frente Chaque\u00f1o, que tambi\u00e9n ten\u00eda en la cancha a Ismael Walter Espinoza como precandidato a gobernador y Cepriano Arizaga a vice, que alcanzaban el 0,25%.<\/p>\n\n\n\n<p>Hasta las 18, la concurrencia de votantes a las urnas estimada era del 53,5%, seg\u00fan inform\u00f3 Capitanich, dato que revela una apat\u00eda electoral importante de parte de la poblaci\u00f3n chaque\u00f1a, pero deja un escenario abierto para las generales, ya que mucha gente no asisti\u00f3.<\/p>\n\n\n\n<p>Pasada la medianoche, el mandatario provincial no hab\u00eda salido a hablar de la elecci\u00f3n.<\/p>\n\n\n\n<p>Capitanich era el claro favorito para lograr la reelecci\u00f3n, y si bien dentro de la interna peronista tiene un panorama despejado, la desaparici\u00f3n de Cecilia Strzyzowski a manos del clan Sena (que creci\u00f3 en los \u00faltimos a\u00f1os con recursos provinciales) enrareci\u00f3 el escenario pol\u00edtico y abri\u00f3 un signo de interrogaci\u00f3n sobre cu\u00e1l es el impacto que tendr\u00e1 a futuro teniendo en cuenta que los comicios generales ser\u00e1n reci\u00e9n el 17 de septiembre.<\/p>\n\n\n\n<p>En una conferencia de prensa apenas cerradas las urnas, Capitanich que se\u00f1al\u00f3 &#8220;los comicios se realizaron con total normalidad&#8221; y que &#8220;fue una jornada democr\u00e1tica ejemplar&#8221;.<\/p>\n\n\n\n<p>&#8220;Dentro del Frente Chaque\u00f1o tuvimos una rotunda victoria, por lo que agradecemos el fuerte respaldo&#8221;, destac\u00f3.<\/p>\n\n\n\n<p>&#8220;Hemos obtenido una victoria contundente para que la f\u00f3rmula Capitanich &#8211; Rach Quiroga participe en las elecciones&#8221;, agreg\u00f3 el mandatario provincial, que compet\u00eda contra la f\u00f3rmula de Ismael Walter Espinoza junto a Cepriano Arizaga.<\/p>\n\n\n\n<p>La Corriente de Expresi\u00f3n Renovada (CER) con Gustavo Mart\u00ednez y Viviam Polini, que ubic\u00f3 en tercer lugar, mientras que El Frente Integrador qued\u00f3 en cuarto puesto con la candidatura de Juan Carlos Bacileff Ivanof en f\u00f3rmula con C\u00e9sar Pic\u00f3n.<\/p>\n\n\n\n<p>Con sello propio, denominado &#8220;Unidos por la Gente&#8221; se present\u00f3 a la elecci\u00f3n el ex gobernador peronista Domingo Peppo junto a Nicol\u00e1s Matta, al igual que La Libertad Avanza (el sello de Javier Milei) con el binomio Alfredo \u201cCapi\u201d Rodr\u00edguez &#8211; Ileana Aguirre.<\/p>\n\n\n\n<p>Completaron el mapa de candidaturas a la gobernaci\u00f3n el Partido Obrero con Cesar Germ\u00e1n B\u00e1ez y Samanta Ariela Salas, l y Libertarios en Acci\u00f3n con Rub\u00e9n Galassi y Marta Kassor.<\/p>\n\n\n\n<p>En las PASO chaque\u00f1as participaban 70 boletas oficializadas por municipio, seg\u00fan publica en su sitio web oficial el Tribunal Electoral de Chaco.<\/p>\n\n\n\n<p>En una de ellas figuraba Emerenciano Sena, el l\u00edder de un poderoso clan piquetero que fue detenido junto a su esposa y su hijo por la desaparici\u00f3n de su nuera.<\/p>\n\n\n\n<p>Sin embargo, en la conferencia de prensa se aclar\u00f3 que los votos a favor de Sena no ser\u00e1n computados.<\/p>\n","protected":false},"excerpt":{"rendered":"<p>En unas elecciones signadas por la baja participaci\u00f3n electoral y el clima enrarecido por el caso de la desaparici\u00f3n de Cecilia Strzyzowski, el actual gobernador arras\u00f3 en su interna, pero Juntos por el Cambio sac\u00f3 m\u00e1s votos que el oficialismo. En medio de un clima enrarecido en Chaco por la conmoci\u00f3n que genera el caso [&hellip;]<\/p>\n","protected":false},"author":2,"featured_media":59659,"comment_status":"open","ping_status":"open","sticky":false,"template":"","format":"standard","meta":{"tdm_status":"","tdm_grid_status":"","_joinchat":[],"footnotes":""},"categories":[59],"tags":[],"class_list":{"0":"post-59656","1":"post","2":"type-post","3":"status-publish","4":"format-standard","5":"has-post-thumbnail","7":"category-politica"},"amp_enabled":true,"_links":{"self":[{"href":"https:\/\/www.todoeldia.com\/index.php\/wp-json\/wp\/v2\/posts\/59656","targetHints":{"allow":["GET"]}}],"collection":[{"href":"https:\/\/www.todoeldia.com\/index.php\/wp-json\/wp\/v2\/posts"}],"about":[{"href":"https:\/\/www.todoeldia.com\/index.php\/wp-json\/wp\/v2\/types\/post"}],"author":[{"embeddable":true,"href":"https:\/\/www.todoeldia.com\/index.php\/wp-json\/wp\/v2\/users\/2"}],"replies":[{"embeddable":true,"href":"https:\/\/www.todoeldia.com\/index.php\/wp-json\/wp\/v2\/comments?post=59656"}],"version-history":[{"count":1,"href":"https:\/\/www.todoeldia.com\/index.php\/wp-json\/wp\/v2\/posts\/59656\/revisions"}],"predecessor-version":[{"id":59660,"href":"https:\/\/www.todoeldia.com\/index.php\/wp-json\/wp\/v2\/posts\/59656\/revisions\/59660"}],"wp:featuredmedia":[{"embeddable":true,"href":"https:\/\/www.todoeldia.com\/index.php\/wp-json\/wp\/v2\/media\/59659"}],"wp:attachment":[{"href":"https:\/\/www.todoeldia.com\/index.php\/wp-json\/wp\/v2\/media?parent=59656"}],"wp:term":[{"taxonomy":"category","embeddable":true,"href":"https:\/\/www.todoeldia.com\/index.php\/wp-json\/wp\/v2\/categories?post=59656"},{"taxonomy":"post_tag","embeddable":true,"href":"https:\/\/www.todoeldia.com\/index.php\/wp-json\/wp\/v2\/tags?post=59656"}],"curies":[{"name":"wp","href":"https:\/\/api.w.org\/{rel}","templated":true}]}}