{"id":59661,"date":"2023-06-19T13:12:02","date_gmt":"2023-06-19T16:12:02","guid":{"rendered":"https:\/\/www.todoeldia.com\/?p=59661"},"modified":"2023-06-19T13:13:22","modified_gmt":"2023-06-19T16:13:22","slug":"habrian-encontrado-el-anillo-de-compromiso-de-cecilia-entre-los-objetos-quemados","status":"publish","type":"post","link":"https:\/\/www.todoeldia.com\/index.php\/2023\/06\/19\/habrian-encontrado-el-anillo-de-compromiso-de-cecilia-entre-los-objetos-quemados\/","title":{"rendered":"Habr\u00edan encontrado el anillo de compromiso de Cecilia entre los objetos quemados"},"content":{"rendered":"\n<p>Para los investigadores se trata del mismo anillo que la joven de 28 a\u00f1os subi\u00f3 a sus redes sociales en septiembre del a\u00f1o pasado.<\/p>\n\n\n\n<p>Los investigadores del femicidio de Cecilia Strzyzowski revelaron que uno de los anillos encontrados entre los objetos incinerados en el barrio Emerenciano ser\u00eda el de compromiso.<\/p>\n\n\n\n<p>Para los agentes, el anillo tiene una descripci\u00f3n similar al de que la joven subi\u00f3 en septiembre del a\u00f1o pasado a su Instagram cuando anunci\u00f3 que se casaba con C\u00e9sar Sena.<\/p>\n\n\n\n<figure class=\"wp-block-image size-large\"><img loading=\"lazy\" decoding=\"async\" width=\"1024\" height=\"576\" src=\"https:\/\/www.todoeldia.com\/wp-content\/uploads\/2023\/06\/image-145-1024x576.png\" alt=\"\" class=\"wp-image-59666\" srcset=\"https:\/\/www.todoeldia.com\/wp-content\/uploads\/2023\/06\/image-145-1024x576.png 1024w, https:\/\/www.todoeldia.com\/wp-content\/uploads\/2023\/06\/image-145-300x169.png 300w, https:\/\/www.todoeldia.com\/wp-content\/uploads\/2023\/06\/image-145-768x432.png 768w, https:\/\/www.todoeldia.com\/wp-content\/uploads\/2023\/06\/image-145-1536x864.png 1536w, https:\/\/www.todoeldia.com\/wp-content\/uploads\/2023\/06\/image-145-696x392.png 696w, https:\/\/www.todoeldia.com\/wp-content\/uploads\/2023\/06\/image-145-1068x601.png 1068w, https:\/\/www.todoeldia.com\/wp-content\/uploads\/2023\/06\/image-145-747x420.png 747w, https:\/\/www.todoeldia.com\/wp-content\/uploads\/2023\/06\/image-145.png 1920w\" sizes=\"auto, (max-width: 1024px) 100vw, 1024px\" \/><\/figure>\n\n\n\n<p>Entre los elementos encontrados tambi\u00e9n hab\u00eda ropa, un par de aros y m\u00e1s anillos. La familia de Cecilia sostiene que los objetos son de la joven y esto podr\u00eda ayudar a la causa.<\/p>\n\n\n\n<p>&#8220;El mejor regalo de mesaniversario que pudiste haberme dado es de elegirme como tu compa\u00f1era de vida. Te digo s\u00ed y mil veces&nbsp; SI&#8221;, dice la publicaci\u00f3n en redes sociales.<\/p>\n\n\n\n<p>Aunque por el momento no hay confirmaci\u00f3n oficial, los investigadores esperan los resultados oficiales de las pericias para anunciar si los elementos incinerado encontrados en el barrio Emerenciano pertenecen a la joven de 28 a\u00f1os.<\/p>\n\n\n\n<p>&#8220;La Justicia nos cit\u00f3 a una reuni\u00f3n sobre lo encontrado ayer y hubo una discusi\u00f3n entre la querella y la fiscal\u00eda por la falta de comunicaci\u00f3n&#8221;, detall\u00f3 Juan Antonio Arregin, abogado de Gloria, mam\u00e1 de Cecilia.<\/p>\n\n\n\n<p>El defensor inform\u00f3 que los objetos est\u00e1n custodiados y ya empezaron a ser analizados: &#8220;Pedimos una audiencia p\u00fablica donde est\u00e9n los abogados defensores para que se exhiban los elementos y se reconozcan porque sabemos que ellos lo van a impedir&#8221;.<\/p>\n\n\n\n<p>&#8220;La Justicia no nos mostr\u00f3 nada, solo nos cont\u00f3 lo secuestrado&#8221;, finaliz\u00f3 Arregin. Gloria confirm\u00f3 que este lunes a las 16.30 se realizar\u00e1 una marcha en el m\u00e1stil de Resistencia para &#8220;despedir a su hija&#8221; ya que &#8220;no hay esperanzas de encontrarla con vida&#8221;.<\/p>\n\n\n\n<p>En este comienzo de semana se espera que C\u00e9sar Sena, principal acusado, sea trasladado a la Comisar\u00eda Charadai, ubicada a 99 kil\u00f3metros de Resistencia, porque mantiene &#8220;demasiada charla&#8221; con su pap\u00e1 a pesar de estar en celdas separadas.<\/p>\n\n\n\n<p>Adem\u00e1s, destacaron que en las \u00faltimas horas el chico de 18 a\u00f1os se entrevist\u00f3 con un nuevo abogado, el tercer defensor desde que est\u00e1 detenido.<\/p>\n","protected":false},"excerpt":{"rendered":"<p>Para los investigadores se trata del mismo anillo que la joven de 28 a\u00f1os subi\u00f3 a sus redes sociales en septiembre del a\u00f1o pasado. Los investigadores del femicidio de Cecilia Strzyzowski revelaron que uno de los anillos encontrados entre los objetos incinerados en el barrio Emerenciano ser\u00eda el de compromiso. Para los agentes, el anillo [&hellip;]<\/p>\n","protected":false},"author":2,"featured_media":59662,"comment_status":"open","ping_status":"open","sticky":false,"template":"","format":"standard","meta":{"tdm_status":"","tdm_grid_status":"","_joinchat":[],"footnotes":""},"categories":[63],"tags":[],"class_list":{"0":"post-59661","1":"post","2":"type-post","3":"status-publish","4":"format-standard","5":"has-post-thumbnail","7":"category-policiales"},"amp_enabled":true,"_links":{"self":[{"href":"https:\/\/www.todoeldia.com\/index.php\/wp-json\/wp\/v2\/posts\/59661","targetHints":{"allow":["GET"]}}],"collection":[{"href":"https:\/\/www.todoeldia.com\/index.php\/wp-json\/wp\/v2\/posts"}],"about":[{"href":"https:\/\/www.todoeldia.com\/index.php\/wp-json\/wp\/v2\/types\/post"}],"author":[{"embeddable":true,"href":"https:\/\/www.todoeldia.com\/index.php\/wp-json\/wp\/v2\/users\/2"}],"replies":[{"embeddable":true,"href":"https:\/\/www.todoeldia.com\/index.php\/wp-json\/wp\/v2\/comments?post=59661"}],"version-history":[{"count":2,"href":"https:\/\/www.todoeldia.com\/index.php\/wp-json\/wp\/v2\/posts\/59661\/revisions"}],"predecessor-version":[{"id":59667,"href":"https:\/\/www.todoeldia.com\/index.php\/wp-json\/wp\/v2\/posts\/59661\/revisions\/59667"}],"wp:featuredmedia":[{"embeddable":true,"href":"https:\/\/www.todoeldia.com\/index.php\/wp-json\/wp\/v2\/media\/59662"}],"wp:attachment":[{"href":"https:\/\/www.todoeldia.com\/index.php\/wp-json\/wp\/v2\/media?parent=59661"}],"wp:term":[{"taxonomy":"category","embeddable":true,"href":"https:\/\/www.todoeldia.com\/index.php\/wp-json\/wp\/v2\/categories?post=59661"},{"taxonomy":"post_tag","embeddable":true,"href":"https:\/\/www.todoeldia.com\/index.php\/wp-json\/wp\/v2\/tags?post=59661"}],"curies":[{"name":"wp","href":"https:\/\/api.w.org\/{rel}","templated":true}]}}