{"id":59668,"date":"2023-06-19T13:15:43","date_gmt":"2023-06-19T16:15:43","guid":{"rendered":"https:\/\/www.todoeldia.com\/?p=59668"},"modified":"2023-06-19T13:29:12","modified_gmt":"2023-06-19T16:29:12","slug":"una-nueva-decepcion-de-milei-en-el-interior-su-candidato-saco-solo-27-en-chaco","status":"publish","type":"post","link":"https:\/\/www.todoeldia.com\/index.php\/2023\/06\/19\/una-nueva-decepcion-de-milei-en-el-interior-su-candidato-saco-solo-27-en-chaco\/","title":{"rendered":"Una nueva decepci\u00f3n de Milei en el interior: su candidato sac\u00f3 solo 2,7% en Chaco"},"content":{"rendered":"\n<p>Ya se vot\u00f3 en 14 provincias y los resultados de La Libertad Avanza vienen dejando mucho que desear.<\/p>\n\n\n\n<p>La Libertad Avanza, el partido comandado por Javier Milei, no termina de afianzarse a nivel nacional o al menos eso es lo que reflejan los resultados de las elecciones.<\/p>\n\n\n\n<p>Pese a que el economista es uno de los m\u00e1ximos candidatos seg\u00fan las encuestas, por ahora eso no fue lo que se evidencio en las 14 provincias donde se vot\u00f3 y Chaco no fue la excepci\u00f3n. \u201cCapi\u201d Rodr\u00edguez, conductor televisivo, jefe de la mesa provincial de La Libertad Avanza y su candidato en aquella provincia, sac\u00f3 solo el 2,7% de los votos y qued\u00f3 en el quinto lugar.<\/p>\n\n\n\n<p>De todas maneras, en las elecciones chaque\u00f1as Milei decidi\u00f3 tomar distancia y le dio autonom\u00eda para anotarse a sus postulantes chaque\u00f1os.<\/p>\n\n\n\n<p>Pero hubo otro grupo del partido que se present\u00f3 en las elecciones de ayer: se trata de Libertarios en Acci\u00f3n, con Rub\u00e9n Galassi como candidato, que obtuvo solo el 1,8% de los votos.<\/p>\n\n\n\n<p>Cabe recordar que el partido de Milei no consigui\u00f3 ning\u00fan resultado resonante durante las diferentes elecciones que se llevaron a cabo este a\u00f1o.<\/p>\n","protected":false},"excerpt":{"rendered":"<p>Ya se vot\u00f3 en 14 provincias y los resultados de La Libertad Avanza vienen dejando mucho que desear. La Libertad Avanza, el partido comandado por Javier Milei, no termina de afianzarse a nivel nacional o al menos eso es lo que reflejan los resultados de las elecciones. Pese a que el economista es uno de [&hellip;]<\/p>\n","protected":false},"author":2,"featured_media":46806,"comment_status":"open","ping_status":"open","sticky":false,"template":"","format":"standard","meta":{"tdm_status":"","tdm_grid_status":"","_joinchat":[],"footnotes":""},"categories":[59],"tags":[],"class_list":{"0":"post-59668","1":"post","2":"type-post","3":"status-publish","4":"format-standard","5":"has-post-thumbnail","7":"category-politica"},"amp_enabled":true,"_links":{"self":[{"href":"https:\/\/www.todoeldia.com\/index.php\/wp-json\/wp\/v2\/posts\/59668","targetHints":{"allow":["GET"]}}],"collection":[{"href":"https:\/\/www.todoeldia.com\/index.php\/wp-json\/wp\/v2\/posts"}],"about":[{"href":"https:\/\/www.todoeldia.com\/index.php\/wp-json\/wp\/v2\/types\/post"}],"author":[{"embeddable":true,"href":"https:\/\/www.todoeldia.com\/index.php\/wp-json\/wp\/v2\/users\/2"}],"replies":[{"embeddable":true,"href":"https:\/\/www.todoeldia.com\/index.php\/wp-json\/wp\/v2\/comments?post=59668"}],"version-history":[{"count":1,"href":"https:\/\/www.todoeldia.com\/index.php\/wp-json\/wp\/v2\/posts\/59668\/revisions"}],"predecessor-version":[{"id":59669,"href":"https:\/\/www.todoeldia.com\/index.php\/wp-json\/wp\/v2\/posts\/59668\/revisions\/59669"}],"wp:featuredmedia":[{"embeddable":true,"href":"https:\/\/www.todoeldia.com\/index.php\/wp-json\/wp\/v2\/media\/46806"}],"wp:attachment":[{"href":"https:\/\/www.todoeldia.com\/index.php\/wp-json\/wp\/v2\/media?parent=59668"}],"wp:term":[{"taxonomy":"category","embeddable":true,"href":"https:\/\/www.todoeldia.com\/index.php\/wp-json\/wp\/v2\/categories?post=59668"},{"taxonomy":"post_tag","embeddable":true,"href":"https:\/\/www.todoeldia.com\/index.php\/wp-json\/wp\/v2\/tags?post=59668"}],"curies":[{"name":"wp","href":"https:\/\/api.w.org\/{rel}","templated":true}]}}