{"id":59670,"date":"2023-06-19T13:39:35","date_gmt":"2023-06-19T16:39:35","guid":{"rendered":"https:\/\/www.todoeldia.com\/?p=59670"},"modified":"2023-06-19T13:39:37","modified_gmt":"2023-06-19T16:39:37","slug":"jujuy-heridos-y-detenidos-tras-la-represion-a-las-protestas-por-la-reforma-de-la-constitucion","status":"publish","type":"post","link":"https:\/\/www.todoeldia.com\/index.php\/2023\/06\/19\/jujuy-heridos-y-detenidos-tras-la-represion-a-las-protestas-por-la-reforma-de-la-constitucion\/","title":{"rendered":"Jujuy: heridos y detenidos tras la represi\u00f3n a las protestas por la reforma de la Constituci\u00f3n"},"content":{"rendered":"\n<p>La modificaci\u00f3n de la carta magna local impulsada por el gobernador Gerardo Morales gener\u00f3 rechazo por su contenido y el tratamiento expr\u00e9s. Hubo protestas masivas, choque con la polic\u00eda y detenidos, cuya liberaci\u00f3n es reclamada desde diversos sectores.<\/p>\n\n\n\n<figure class=\"wp-block-image size-full is-resized\"><img loading=\"lazy\" decoding=\"async\" src=\"https:\/\/www.todoeldia.com\/wp-content\/uploads\/2023\/06\/image-147.png\" alt=\"\" class=\"wp-image-59673\" width=\"1032\" height=\"609\"\/><\/figure>\n\n\n\n<p>La reforma de la Constituci\u00f3n en la provincia de Jujuy gener\u00f3 una ola de protestas este fin de semana en el distrito del norte argentino. Fueron encabezadas por comunidades originarias, gremios y partidos pol\u00edticos que rechazaron tanto el contenido como el tratamiento brindado por los convencionales constituyentes juje\u00f1os.<\/p>\n\n\n\n<figure class=\"wp-block-image size-full is-resized\"><img loading=\"lazy\" decoding=\"async\" src=\"https:\/\/www.todoeldia.com\/wp-content\/uploads\/2023\/06\/image-146.png\" alt=\"\" class=\"wp-image-59672\" width=\"1036\" height=\"611\"\/><\/figure>\n\n\n\n<p>La aprobaci\u00f3n del nuevo texto, impulsado por el gobernador de esa provincia, Gerardo Morales, se dio en la madrugada del viernes 16 de junio, luego de una semana de tratamiento en comisiones. En ese periodo, cuestionado por su brevedad, se abordaron puntos cr\u00edticos para la vida institucional de la provincia como la regulaci\u00f3n del derecho a la protesta, la propiedad de las tierras de las comunidades originarias en donde se hallan recursos naturales como el litio, nuevos mecanismos para la selecci\u00f3n de jueces y la modificaci\u00f3n de los organismos de control, entre otros puntos de una reforma parcial pero amplia.<\/p>\n\n\n\n<p>El avance del proyecto deriv\u00f3 en un reclamo de las comunidades originarias que se organizaron para viajar desde el norte de la provincia &#8211; desde las regiones de la puna y quebrada &#8211; hacia la Capital, con el prop\u00f3sito de realizar objeciones hacia los puntos de la reforma que los afectaban. Ese objetivo qued\u00f3 nulo tras la aprobaci\u00f3n del nuevo texto constitucional, que ocurri\u00f3 en la madrugada previa a la llegada de los comuneros.<\/p>\n\n\n\n<p>La votaci\u00f3n fue dirigida por el propio Morales, tras una sesi\u00f3n realizada durante la noche, que culmin\u00f3 con la aprobaci\u00f3n, pasadas las 6 am.<\/p>\n\n\n\n<figure class=\"wp-block-image size-full is-resized\"><img loading=\"lazy\" decoding=\"async\" src=\"https:\/\/www.todoeldia.com\/wp-content\/uploads\/2023\/06\/image-148.png\" alt=\"\" class=\"wp-image-59674\" width=\"1031\" height=\"608\"\/><\/figure>\n\n\n\n<p>Esto despert\u00f3 una ola de protestas que se materializaron en manifestaciones y cortes de ruta en distintos puntos de la provincia. El m\u00e1s resonante ocurri\u00f3 en la ruta 9, en el ingreso a la localidad de Purmamarca, en donde los manifestantes resistieron al intento de las fuerzas de seguridad para liberar el paso vehicular y se produjeron serios incidentes.<\/p>\n\n\n\n<p>Las im\u00e1genes de golpes, pedradas y detenciones se viralizaron a lo largo de toda la jornada del s\u00e1bado 17 de junio. El saldo fue al menos una veintena de detenidos. Entre ellos hubo dos periodistas, Luciano Aguilar de la Izquierda Diario y Camilo Galli, del medio local el Submarino, cuya liberaci\u00f3n fue exigida por el Foro de Periodistas Argentinos (FOPEA). Ambos finalmente recuperaron su libertad.<\/p>\n\n\n\n<p>Tambi\u00e9n hubo protestas en la ruta 34, en la regi\u00f3n de las yungas.<\/p>\n","protected":false},"excerpt":{"rendered":"<p>La modificaci\u00f3n de la carta magna local impulsada por el gobernador Gerardo Morales gener\u00f3 rechazo por su contenido y el tratamiento expr\u00e9s. Hubo protestas masivas, choque con la polic\u00eda y detenidos, cuya liberaci\u00f3n es reclamada desde diversos sectores. La reforma de la Constituci\u00f3n en la provincia de Jujuy gener\u00f3 una ola de protestas este fin [&hellip;]<\/p>\n","protected":false},"author":2,"featured_media":59671,"comment_status":"open","ping_status":"open","sticky":false,"template":"","format":"standard","meta":{"tdm_status":"","tdm_grid_status":"","_joinchat":[],"footnotes":""},"categories":[63],"tags":[],"class_list":{"0":"post-59670","1":"post","2":"type-post","3":"status-publish","4":"format-standard","5":"has-post-thumbnail","7":"category-policiales"},"amp_enabled":true,"_links":{"self":[{"href":"https:\/\/www.todoeldia.com\/index.php\/wp-json\/wp\/v2\/posts\/59670","targetHints":{"allow":["GET"]}}],"collection":[{"href":"https:\/\/www.todoeldia.com\/index.php\/wp-json\/wp\/v2\/posts"}],"about":[{"href":"https:\/\/www.todoeldia.com\/index.php\/wp-json\/wp\/v2\/types\/post"}],"author":[{"embeddable":true,"href":"https:\/\/www.todoeldia.com\/index.php\/wp-json\/wp\/v2\/users\/2"}],"replies":[{"embeddable":true,"href":"https:\/\/www.todoeldia.com\/index.php\/wp-json\/wp\/v2\/comments?post=59670"}],"version-history":[{"count":1,"href":"https:\/\/www.todoeldia.com\/index.php\/wp-json\/wp\/v2\/posts\/59670\/revisions"}],"predecessor-version":[{"id":59675,"href":"https:\/\/www.todoeldia.com\/index.php\/wp-json\/wp\/v2\/posts\/59670\/revisions\/59675"}],"wp:featuredmedia":[{"embeddable":true,"href":"https:\/\/www.todoeldia.com\/index.php\/wp-json\/wp\/v2\/media\/59671"}],"wp:attachment":[{"href":"https:\/\/www.todoeldia.com\/index.php\/wp-json\/wp\/v2\/media?parent=59670"}],"wp:term":[{"taxonomy":"category","embeddable":true,"href":"https:\/\/www.todoeldia.com\/index.php\/wp-json\/wp\/v2\/categories?post=59670"},{"taxonomy":"post_tag","embeddable":true,"href":"https:\/\/www.todoeldia.com\/index.php\/wp-json\/wp\/v2\/tags?post=59670"}],"curies":[{"name":"wp","href":"https:\/\/api.w.org\/{rel}","templated":true}]}}