{"id":59790,"date":"2023-06-21T15:46:06","date_gmt":"2023-06-21T18:46:06","guid":{"rendered":"https:\/\/www.todoeldia.com\/?p=59790"},"modified":"2023-06-21T15:46:08","modified_gmt":"2023-06-21T18:46:08","slug":"10-anos-de-carcel-para-un-depravado-por-abusar-de-sus-sobrinas-de-7-y-13-anos","status":"publish","type":"post","link":"https:\/\/www.todoeldia.com\/index.php\/2023\/06\/21\/10-anos-de-carcel-para-un-depravado-por-abusar-de-sus-sobrinas-de-7-y-13-anos\/","title":{"rendered":"10 a\u00f1os de c\u00e1rcel para un depravado por abusar de sus sobrinas de 7 y 13 a\u00f1os"},"content":{"rendered":"\n<p>En un procedimiento abreviado llevado a cabo en la Sala I del Tribunal de Juicio, M. B. I. A. (23) fue condenado a diez a\u00f1os de prisi\u00f3n por delitos de abuso sexual en perjuicio de sus sobrinas menores de edad.<\/p>\n\n\n\n<p>El juez interino \u00c1ngel Amadeo Longarte encontr\u00f3 al imputado autor penalmente responsable de los delitos de abuso sexual gravemente ultrajante agravado por la convivencia con menor de dieciocho a\u00f1os, en concurso real con abuso sexual con acceso carnal agravado por la convivencia con menor de dieciocho a\u00f1os, en concurso ideal con corrupci\u00f3n de menores agravada (dos hechos), en concurso real.<\/p>\n\n\n\n<p>El imputado M. B. I. A. fue denunciado por su hermana, madre de las dos v\u00edctimas. En marzo de 2022, la mujer relat\u00f3 que sus hijas de 7 y 13 a\u00f1os le contaron que, en reiteradas oportunidades, su t\u00edo las hab\u00eda obligado a tocarle el pene y que las sentaba encima de su miembro.<\/p>\n\n\n\n<p>Durante el juicio abreviado, el acusado acept\u00f3 el acuerdo, ratific\u00f3 su alcance y reconoci\u00f3 circunstanciadamente los hechos por los que lleg\u00f3 a juicio.<\/p>\n\n\n\n<p>Se omiti\u00f3 el nombre completo de las personas involucradas para preservar la identidad de las menores y su derecho a la intimidad y confidencialidad.<\/p>\n","protected":false},"excerpt":{"rendered":"<p>En un procedimiento abreviado llevado a cabo en la Sala I del Tribunal de Juicio, M. B. I. A. (23) fue condenado a diez a\u00f1os de prisi\u00f3n por delitos de abuso sexual en perjuicio de sus sobrinas menores de edad. El juez interino \u00c1ngel Amadeo Longarte encontr\u00f3 al imputado autor penalmente responsable de los delitos [&hellip;]<\/p>\n","protected":false},"author":2,"featured_media":36779,"comment_status":"open","ping_status":"open","sticky":false,"template":"","format":"standard","meta":{"tdm_status":"","tdm_grid_status":"","_joinchat":[],"footnotes":""},"categories":[63],"tags":[],"class_list":{"0":"post-59790","1":"post","2":"type-post","3":"status-publish","4":"format-standard","5":"has-post-thumbnail","7":"category-policiales"},"amp_enabled":true,"_links":{"self":[{"href":"https:\/\/www.todoeldia.com\/index.php\/wp-json\/wp\/v2\/posts\/59790","targetHints":{"allow":["GET"]}}],"collection":[{"href":"https:\/\/www.todoeldia.com\/index.php\/wp-json\/wp\/v2\/posts"}],"about":[{"href":"https:\/\/www.todoeldia.com\/index.php\/wp-json\/wp\/v2\/types\/post"}],"author":[{"embeddable":true,"href":"https:\/\/www.todoeldia.com\/index.php\/wp-json\/wp\/v2\/users\/2"}],"replies":[{"embeddable":true,"href":"https:\/\/www.todoeldia.com\/index.php\/wp-json\/wp\/v2\/comments?post=59790"}],"version-history":[{"count":1,"href":"https:\/\/www.todoeldia.com\/index.php\/wp-json\/wp\/v2\/posts\/59790\/revisions"}],"predecessor-version":[{"id":59791,"href":"https:\/\/www.todoeldia.com\/index.php\/wp-json\/wp\/v2\/posts\/59790\/revisions\/59791"}],"wp:featuredmedia":[{"embeddable":true,"href":"https:\/\/www.todoeldia.com\/index.php\/wp-json\/wp\/v2\/media\/36779"}],"wp:attachment":[{"href":"https:\/\/www.todoeldia.com\/index.php\/wp-json\/wp\/v2\/media?parent=59790"}],"wp:term":[{"taxonomy":"category","embeddable":true,"href":"https:\/\/www.todoeldia.com\/index.php\/wp-json\/wp\/v2\/categories?post=59790"},{"taxonomy":"post_tag","embeddable":true,"href":"https:\/\/www.todoeldia.com\/index.php\/wp-json\/wp\/v2\/tags?post=59790"}],"curies":[{"name":"wp","href":"https:\/\/api.w.org\/{rel}","templated":true}]}}